{"id":113,"date":"2006-11-21T10:00:04","date_gmt":"2006-11-21T09:00:04","guid":{"rendered":"http:\/\/www.westerwaldverein-daaden.de\/blog\/2006\/11\/21\/wanderjahr-20062007\/"},"modified":"2007-03-05T09:18:38","modified_gmt":"2007-03-05T08:18:38","slug":"wanderjahr-20062007","status":"publish","type":"post","link":"http:\/\/www.westerwaldverein-daaden.de\/blog\/2006\/11\/21\/wanderjahr-20062007\/","title":{"rendered":"Wanderjahr 2006\/2007"},"content":{"rendered":"<p><strong>Deutschland wird fit. Gehen Sie mit. <\/strong><\/p>\n<p>So wirbt das Bundesgesundheitsministerium f\u00fcr mehr Bewegung und m\u00f6chte somit alle B\u00fcrger anregen, durch Wandern, Laufen und Nordic Walking mehr f\u00fcr die eigene Gesundheit zu tun. Dass Wandern Freude macht und der Gesundheit dienlich ist, wissen wir im Westerwald-Verein. Deshalb findet das angebotene Wanderprogramm auch immer wieder regen Zuspruch. So war es 2006 und ich hoffe, dass auch unser Programm f\u00fcr das kommende Jahr 2007 wieder Ihr Interesse findet. Gute Beteiligung und rege Mitarbeit reichen aber alleine nicht aus. Wir brauchen Nachwuchs im Westerwald-Verein. Junge Menschen, aber auch Menschen, die in der Mitte ihres Lebens stehen. Lebensfrohe und vitale Menschen, die Freude an der Natur und an der Bewegung in der Natur haben. Ich m\u00f6chte alle Mitglieder aufrufen, sprechen Sie Freunde, Bekannte und Leute aus Ihrer Umgebung darauf an und laden Sie diese zum Mitwandern und Mitmachen ein; damit der Westerwald-Verein Daaden eine Zukunft hat.<\/p>\n<p>Bei allen Mitgliedern des WWV-Daaden m\u00f6chte ich mich f\u00fcr die Treue zum Verein bedanken. Mein besonderer Dank gilt allen, die sich aktiv eingebracht haben, mitgewandert sind und sich an den vielen Sonderaktionen zum Wohle des Vereins beteiligt haben. Unser Mitgef\u00fchl gilt den Vereinsmitgliedern, die einen lieben Menschen verloren oder andere Beschwernisse haben.<\/p>\n<p>Allen Vereinsmitgliedern mit Ihren Familien und allen, die sich dem Westerwald-Verein verbunden f\u00fchlen, w\u00fcnsche ich eine besinnliche Adventszeit, gesegnete und friedvolle Weihnachten und f\u00fcr das neue Jahr 2007 Zufriedenheit, Gl\u00fcck und Gesundheit.<\/p>\n<p>Hui! W\u00e4ller? Allemol!<br \/>\n Gisbert Weber, 1. Vorsitzender<\/p>\n","protected":false},"excerpt":{"rendered":"<p>Deutschland wird fit. Gehen Sie mit. So wirbt das Bundesgesundheitsministerium f\u00fcr mehr Bewegung und m\u00f6chte somit alle B\u00fcrger anregen, durch Wandern, Laufen und Nordic Walking mehr f\u00fcr die eigene Gesundheit zu tun. Dass Wandern Freude macht und der Gesundheit dienlich ist, wissen wir im Westerwald-Verein. Deshalb findet das angebotene Wanderprogramm auch immer wieder regen Zuspruch. [&hellip;]<\/p>\n","protected":false},"author":2,"featured_media":0,"comment_status":"closed","ping_status":"closed","sticky":false,"template":"","format":"standard","meta":{"footnotes":""},"categories":[1],"tags":[],"class_list":["post-113","post","type-post","status-publish","format-standard","hentry","category-allgemein"],"_links":{"self":[{"href":"http:\/\/www.westerwaldverein-daaden.de\/blog\/wp-json\/wp\/v2\/posts\/113","targetHints":{"allow":["GET"]}}],"collection":[{"href":"http:\/\/www.westerwaldverein-daaden.de\/blog\/wp-json\/wp\/v2\/posts"}],"about":[{"href":"http:\/\/www.westerwaldverein-daaden.de\/blog\/wp-json\/wp\/v2\/types\/post"}],"author":[{"embeddable":true,"href":"http:\/\/www.westerwaldverein-daaden.de\/blog\/wp-json\/wp\/v2\/users\/2"}],"replies":[{"embeddable":true,"href":"http:\/\/www.westerwaldverein-daaden.de\/blog\/wp-json\/wp\/v2\/comments?post=113"}],"version-history":[{"count":0,"href":"http:\/\/www.westerwaldverein-daaden.de\/blog\/wp-json\/wp\/v2\/posts\/113\/revisions"}],"wp:attachment":[{"href":"http:\/\/www.westerwaldverein-daaden.de\/blog\/wp-json\/wp\/v2\/media?parent=113"}],"wp:term":[{"taxonomy":"category","embeddable":true,"href":"http:\/\/www.westerwaldverein-daaden.de\/blog\/wp-json\/wp\/v2\/categories?post=113"},{"taxonomy":"post_tag","embeddable":true,"href":"http:\/\/www.westerwaldverein-daaden.de\/blog\/wp-json\/wp\/v2\/tags?post=113"}],"curies":[{"name":"wp","href":"https:\/\/api.w.org\/{rel}","templated":true}]}}