{"id":1158,"date":"2011-04-24T18:47:44","date_gmt":"2011-04-24T16:47:44","guid":{"rendered":"http:\/\/www.westerwaldverein-daaden.de\/blog\/?p=1158"},"modified":"2011-06-18T14:42:39","modified_gmt":"2011-06-18T12:42:39","slug":"jahreswanderung-2011","status":"publish","type":"post","link":"http:\/\/www.westerwaldverein-daaden.de\/blog\/2011\/04\/24\/jahreswanderung-2011\/","title":{"rendered":"Jahreswanderung 2011"},"content":{"rendered":"<p>Der Westerwald-Verein veranstaltet in diesem Jahr seine 9.&nbsp;Wanderwoche. Diese Wanderung \u00fcber 4 Etappen vom 1. bis 4. Juni 2011 auf einer der sch\u00f6nsten Routen Deutschlands, diesmal hier in der n\u00f6rdlichen Region des Westerwaldes, auf dem neuen \u201eDruidensteig\u201c wird vom WW-Hauptverein Montabaur veranstaltet.<\/p>\n<p>Gastgeber und Organisator f\u00fcr den Hauptverein sind die Zweigvereine Herdorf und Daaden.<\/p>\n<div class=\"center\"><img loading=\"lazy\" decoding=\"async\" src=\"http:\/\/www.westerwaldverein-daaden.de\/blog\/wp-content\/uploads\/2011\/04\/jahreswanderung_2011.jpg\" alt=\"\" title=\"jahreswanderung_2011\" width=\"400\" height=\"429\" class=\"alignnone size-full wp-image-1159\" srcset=\"http:\/\/www.westerwaldverein-daaden.de\/blog\/wp-content\/uploads\/2011\/04\/jahreswanderung_2011.jpg 400w, http:\/\/www.westerwaldverein-daaden.de\/blog\/wp-content\/uploads\/2011\/04\/jahreswanderung_2011-279x300.jpg 279w\" sizes=\"auto, (max-width: 400px) 100vw, 400px\" \/><\/div>\n<p><strong>1. Etappe: Mittwoch, 01.06.2011<\/strong><br \/>\nVon der Freusburg zur Freusburger M\u00fchle, zum Ottoturm und \u00fcber den Druidenstein bis Herdorf zum Marktplatz.<br \/>\nL\u00e4nge ca. 17 Kilometer<\/p>\n<p><strong>2. Etappe: Donnerstag, 02.06.2011<\/strong><br \/>\nAb Herdorf \u00fcber Mahlscheid, Hohenseelbachskopf nach Daaden und bis Schloss Friedewald.<br \/>\nL\u00e4nge ca. 15 Kilometer <\/p>\n<p><strong>3. Etappe: Freitag, 03.06.2011<\/strong><br \/>\nSchloss Friedewald zum Neunkhausener Plateau, Elkenrother Weiher, Hasslichskopf, Alsdorf.<br \/>\nL\u00e4nge ca. 21 Kilometer<\/p>\n<p><strong>4. Etappe: Samstag, 04.06.2011<\/strong><br \/>\nAlsdorf-H\u00fcttenschulzenhaus, Steinerother Kopf, Steinebach, Limbach bis Kloster Marienstatt.<br \/>\nL\u00e4nge ca. 22 Kilometer<\/p>\n<p>Beginn der Wanderungen ist jeweils um 10.00 Uhr vom Startpunkt aus. F\u00fcr alle Etappen ist Rucksackverpflegung vorgesehen, wobei am Zielort eine Schlusseinkehr geplant ist. Es k\u00f6nnen auch einzelne Etappen gewandert werden.<\/p>\n<p><a href=\"http:\/\/www.westerwaldverein-daaden.de\/blog\/wanderplan\/jahreswanderung_2011\/\">F\u00fcr Details zur Streckenf\u00fchrung bitte hier klicken.<\/a><\/p>\n<p>Zu diese 4-Tage-Wanderung sind alle, die Freude am Wandern haben herzlich eingeladen. Es bedarf keiner Anmeldung und die Teilnahmen ist kostenlos.<\/p>\n<p>Bei Bedarf erhalten Sie weitere Ausk\u00fcnfte bei den Zweigvereinen:<br \/>\n<strong>ZV Herdorf: <\/strong><br \/>\nNorbert B\u00fcdenh\u00f6lzer, Tel. 02744\/1253<br \/>\n<strong>ZV Daaden: <\/strong><br \/>\nGisbert Weber, Tel. 02743\/1475 oder Walter Lenz, Tel. 02743\/6882 oder Gerhard Wrede, Tel. 02747\/575<br \/>\nE-Mail: <a href=\"mailto:wandern@westerwaldverein-daaden.de\">wandern@westerwaldverein-daaden.de<\/a> <\/p>\n","protected":false},"excerpt":{"rendered":"<p>Der Westerwald-Verein veranstaltet in diesem Jahr seine 9.&nbsp;Wanderwoche. Diese Wanderung \u00fcber 4 Etappen vom 1. bis 4. Juni 2011 auf einer der sch\u00f6nsten Routen Deutschlands, diesmal hier in der n\u00f6rdlichen Region des Westerwaldes, auf dem neuen \u201eDruidensteig\u201c wird vom WW-Hauptverein Montabaur veranstaltet. Gastgeber und Organisator f\u00fcr den Hauptverein sind die Zweigvereine Herdorf und Daaden. 1. [&hellip;]<\/p>\n","protected":false},"author":2,"featured_media":0,"comment_status":"closed","ping_status":"closed","sticky":false,"template":"","format":"standard","meta":{"footnotes":""},"categories":[1],"tags":[],"class_list":["post-1158","post","type-post","status-publish","format-standard","hentry","category-allgemein"],"_links":{"self":[{"href":"http:\/\/www.westerwaldverein-daaden.de\/blog\/wp-json\/wp\/v2\/posts\/1158","targetHints":{"allow":["GET"]}}],"collection":[{"href":"http:\/\/www.westerwaldverein-daaden.de\/blog\/wp-json\/wp\/v2\/posts"}],"about":[{"href":"http:\/\/www.westerwaldverein-daaden.de\/blog\/wp-json\/wp\/v2\/types\/post"}],"author":[{"embeddable":true,"href":"http:\/\/www.westerwaldverein-daaden.de\/blog\/wp-json\/wp\/v2\/users\/2"}],"replies":[{"embeddable":true,"href":"http:\/\/www.westerwaldverein-daaden.de\/blog\/wp-json\/wp\/v2\/comments?post=1158"}],"version-history":[{"count":12,"href":"http:\/\/www.westerwaldverein-daaden.de\/blog\/wp-json\/wp\/v2\/posts\/1158\/revisions"}],"predecessor-version":[{"id":1263,"href":"http:\/\/www.westerwaldverein-daaden.de\/blog\/wp-json\/wp\/v2\/posts\/1158\/revisions\/1263"}],"wp:attachment":[{"href":"http:\/\/www.westerwaldverein-daaden.de\/blog\/wp-json\/wp\/v2\/media?parent=1158"}],"wp:term":[{"taxonomy":"category","embeddable":true,"href":"http:\/\/www.westerwaldverein-daaden.de\/blog\/wp-json\/wp\/v2\/categories?post=1158"},{"taxonomy":"post_tag","embeddable":true,"href":"http:\/\/www.westerwaldverein-daaden.de\/blog\/wp-json\/wp\/v2\/tags?post=1158"}],"curies":[{"name":"wp","href":"https:\/\/api.w.org\/{rel}","templated":true}]}}