{"id":117,"date":"2007-01-04T10:00:57","date_gmt":"2007-01-04T09:00:57","guid":{"rendered":"http:\/\/www.westerwaldverein-daaden.de\/blog\/2007\/01\/04\/jahresruckblick-2006\/"},"modified":"2007-03-05T09:18:12","modified_gmt":"2007-03-05T08:18:12","slug":"jahresruckblick-2006","status":"publish","type":"post","link":"http:\/\/www.westerwaldverein-daaden.de\/blog\/2007\/01\/04\/jahresruckblick-2006\/","title":{"rendered":"Jahresr\u00fcckblick 2006"},"content":{"rendered":"<p>Mit der Jahresabschlusswanderung im Dezember ging ein erfolgreiches Wanderjahr zu Ende. Viele sch\u00f6ne Wanderungen fanden wieder gro\u00dfes Interesse und die Beteiligung war wieder wie immer sehr gut.<\/p>\n<p><!--more-->Weit mehr als Tausend Wanderinnen und Wanderer haben sich 2006 an den verschiedenen Wanderungen beteiligt. Es wurden insgesamt mehr als 450 Kilometer zur\u00fcck gelegt. Die Tagestouren f\u00fchrten in den sch\u00f6nen Westerwald, ins nahe Siegerland und auch weit dar\u00fcber hinaus. Wanderungen bei Herborn, bei Eichelhardt am sogenannten &#8222;Weltende&#8220; an der Nister entlang, ins Grenzbachtal und nach Willroth mit Besteigung der F\u00f6rderturmes der ehemaligen Grube Georg, sowie zur Deuzer H\u00f6he und nach Brachbach. Hier in Brachbach konnten die Wanderer ein Wasserwerk mit dem zugeh\u00f6rigen Wasser- gewinnungsstollen besichtigen. Auch ein St\u00fcck des Rheinsteigs wurde erwandert, das Windecker Land erkundet und nat\u00fcrlich war die Wochenwanderung im Bregenzer Wald wieder der H\u00f6hepunkt f\u00fcr alle Beteiligten.<\/p>\n<p>Auch die Seniorengruppe hat viele, wenn auch k\u00fcrzere Wandertouren unternommen, die immer bei Kaffee und Kuchen einen unterhaltsamen Abschluss fanden.<\/p>\n<p>Beim &#8222;SWR-Wanderspa\u00df&#8220; konnten die B\u00fcrgermeister Wolfgang Schneider und G\u00fcnter Knautz, sowie der Westerwald-Verein Daaden auf dem Daadener Festplatz mehr als 500 Wanderinnen und Wanderer begr\u00fc\u00dfen. Der WWV Daaden hatte mit den Wanderfreunden aus Kirchen eine Wanderstrecke ausgearbeitet, die von Daaden \u00fcber den Hohenseelbachskopf nach Herdorf und dann weiter \u00fcber das Naturdenkmal Druidenstein bis zur Molzberghalle in Betzdorf\/Kirchen f\u00fchrte. Die 20 Kilometer lange Tour fand gro\u00dfen Anklang bei den Beteiligten und wurde vom SWR-Moderator Martin Seidel als K\u00f6nigsetappe angek\u00fcndigt.<\/p>\n<p>Erfolgreich und mit gro\u00dfer Beteiligung wurden auch andere Veranstaltungen und die Ausfl\u00fcge angenommen: so z.B. der Familientag mit dem Waldgottesdienst an der Westerwaldh\u00fctte, eine Fahrt mit dem Flo\u00df auf dem Wiesensee, Naturkundliche Wanderungen und der schon traditionelle Dia-Vortrag im B\u00fcrgerhaus. Insgesamt also ein aktives und erfolgreiches Jahr f\u00fcr den Westerwald-Verein Daaden.<\/p>\n","protected":false},"excerpt":{"rendered":"<p>Mit der Jahresabschlusswanderung im Dezember ging ein erfolgreiches Wanderjahr zu Ende. Viele sch\u00f6ne Wanderungen fanden wieder gro\u00dfes Interesse und die Beteiligung war wieder wie immer sehr gut.<\/p>\n","protected":false},"author":2,"featured_media":0,"comment_status":"closed","ping_status":"closed","sticky":false,"template":"","format":"standard","meta":{"footnotes":""},"categories":[1],"tags":[],"class_list":["post-117","post","type-post","status-publish","format-standard","hentry","category-allgemein"],"_links":{"self":[{"href":"http:\/\/www.westerwaldverein-daaden.de\/blog\/wp-json\/wp\/v2\/posts\/117","targetHints":{"allow":["GET"]}}],"collection":[{"href":"http:\/\/www.westerwaldverein-daaden.de\/blog\/wp-json\/wp\/v2\/posts"}],"about":[{"href":"http:\/\/www.westerwaldverein-daaden.de\/blog\/wp-json\/wp\/v2\/types\/post"}],"author":[{"embeddable":true,"href":"http:\/\/www.westerwaldverein-daaden.de\/blog\/wp-json\/wp\/v2\/users\/2"}],"replies":[{"embeddable":true,"href":"http:\/\/www.westerwaldverein-daaden.de\/blog\/wp-json\/wp\/v2\/comments?post=117"}],"version-history":[{"count":0,"href":"http:\/\/www.westerwaldverein-daaden.de\/blog\/wp-json\/wp\/v2\/posts\/117\/revisions"}],"wp:attachment":[{"href":"http:\/\/www.westerwaldverein-daaden.de\/blog\/wp-json\/wp\/v2\/media?parent=117"}],"wp:term":[{"taxonomy":"category","embeddable":true,"href":"http:\/\/www.westerwaldverein-daaden.de\/blog\/wp-json\/wp\/v2\/categories?post=117"},{"taxonomy":"post_tag","embeddable":true,"href":"http:\/\/www.westerwaldverein-daaden.de\/blog\/wp-json\/wp\/v2\/tags?post=117"}],"curies":[{"name":"wp","href":"https:\/\/api.w.org\/{rel}","templated":true}]}}