{"id":121,"date":"2007-02-26T16:00:40","date_gmt":"2007-02-26T15:00:40","guid":{"rendered":"http:\/\/www.westerwaldverein-daaden.de\/blog\/2007\/02\/26\/jahreshauptversammlung-2007\/"},"modified":"2007-03-23T17:12:46","modified_gmt":"2007-03-23T16:12:46","slug":"jahreshauptversammlung-2007","status":"publish","type":"post","link":"http:\/\/www.westerwaldverein-daaden.de\/blog\/2007\/02\/26\/jahreshauptversammlung-2007\/","title":{"rendered":"Jahreshauptversammlung 2007"},"content":{"rendered":"<p><strong>Westerwald-Verein Daaden res\u00fcmiert erfolgreiches Wanderjahr<\/strong><\/p>\n<p>In einer guten Atmosph\u00e4re verlief die Jahresversammlung des Westerwald-Vereins Daaden im Gasthof Andres. So war es nicht verwunderlich, dass der Vorstand auf allen Positionen einstimmig wiedergew\u00e4hlt wurde. Vorsitzender ist somit weiter Gisbert Weber, sein Stellvertreter Martin Schmidt, Erwin Fries Kassierer, Walter Lenz Wanderwart, Jochem Hellmig Schriftf\u00fchrer und Kulturwart, Gerhard G\u00f6rg Wege- und Naturschutzwart, Beisitzer sind Peter Reusch und neugew\u00e4hlt G\u00fcnter Liedke. Kassenpr\u00fcfer ist weiter Fritz-Walter Sch\u00f6llchen und f\u00fcr Helmut Sturm wurde Dieter Jung gew\u00e4hlt.<\/p>\n<p><!--more-->Zuvor hatte Vorsitzender Gisbert Weber die zahlreich anwesenden Mitglieder und G\u00e4ste begr\u00fc\u00dft. Unter ihnen auch Roland Imh\u00e4user mit Gattin, der als Beigeordneter der Ortsgemeinde Daaden f\u00fcr die Ortsgemeinde die Urkunde und goldene Ehrennadel f\u00fcr 50 Jahre Mitgliedschaft im Westerwald-Verein entgegen nehmen konnte. Ebenfalls f\u00fcr 50 Jahre Mitgliedschaft wurde Helmut Schweitzer geehrt, der aber wegen Krankheit nicht anwesend war.<\/p>\n<p align=\"center\"><img decoding=\"async\" src=\"http:\/\/www.westerwaldverein-daaden.de\/blog\/wp-content\/wwv_daaden_jhv_2007.jpg\" alt=\"JHV2007\" \/><br \/><small>Ehrung durch den neuen Vorstand f\u00fcr 50 Jahre Mitgliedschaft im Westerwald-Verein f\u00fcr die Ortsgemeinde Daaden. Roland Imh\u00e4user nimmt als Beigeordneter die Ehrung entgegen.<\/small><\/p>\n<p>In seinem Bericht ging Gisbert Weber besonders auf die sehr gute und aktive Zusammenarbeit und Beteiligung bei Wanderungen und bei den vielen anderen Aktionen, wie z.B. der Herstellung und dem Setzen neuer Wegekreuzkennzeichnung, Pflege vorhandener und Setzen neuer Ruheb\u00e4nke usw. ein. Bei der Planung und Gestaltung einer Zuwegung zum geplanten &#8222;Westerwaldsteig&#8220; werden sich die Daadener Heimatfreunde zusammen mit den B\u00fcrgermeistern im AK-Oberkreis weiter aktiv beteiligen. Dass die Route des Westerwaldsteigs auch durch das Daadener Gebiet f\u00fchrt, konnte der Westerwald-Verein Daaden nicht durchsetzen. <\/p>\n<p>W\u00e4hrend Gisbert Weber auf die von Gerhard Beck ausgearbeitete &#8222;Kulturhistorische Wanderung&#8220; von Daaden nach Herdorf und zur\u00fcck nach Daaden am 13. Mai 2007 hinwies, res\u00fcmierte Wanderwart Walter Lenz noch mal das umfangreiche Wanderprogramm des Vorjahres mit fast 40 Wanderungen und gab einen Ausblick auf das neue Jahr.<\/p>\n<p>Die Wanderwoche im Bregenzer Wald, Mitorganisation und Beteiligung mit vielen Wanderf\u00fchrer am &#8222;SWR-Wanderspa\u00df&#8220; mit mehr als 500 Wanderinnen und Wanderern, Waldgottesdienst mit Familientag, Dia-Vortrag usw. waren dabei die herausragenden Ereignisse des Vorjahres. Viele Wanderungen in der heimischen Region, Ausfl\u00fcge und andere Aktivit\u00e4ten pr\u00e4gen auch in diesem Jahr das Programm. Walter Lenz gab auch einen Hinweis auf ein neues Vorhaben des Westerwald-Vereins Daaden, dass noch in diesem Jahr beginnen soll. N\u00e4mlich die Erstellung eines Heimat- und Panoramaweges Daaden, der mit Erl\u00e4uterungstafeln zu Daaden best\u00fcckt, am Silberberg beginnt und unterhalb des Waldrandes entlang verl\u00e4uft. Die Haubergsgenossenschaft Daaden hat bereits Unterst\u00fctzung signalisiert, damit der Weg viele freie Ausblicke auf Daaden erh\u00e4lt.<\/p>\n<p>\u00dcber die Seniorenwanderungen und geplante kulturhistorischen Vorhaben im Daadener Land berichtete in seiner Eigenschaft als Kulturwart Jochem Hellmig. Gerhard G\u00f6rg ging neben dem Hinweis auf die umfangreiche Wegekennzeichnung besonders auf naturkundliche Schwerpunkte ein.<\/p>\n<p>Eine solide Finanzlage bescheinigte Kassenwart Erwin Fries dem Westerwald-Verein und die gute Kontof\u00fchrung konnte ihm postwendend vom Kassenpr\u00fcfer Fritz-Walter Sch\u00f6llchen bescheinigt werden. Erwin Fries musste aber gleichzeitig eine Erh\u00f6hung der Mitgliedsbeitr\u00e4ge verk\u00fcnden, die aber nur durch die erh\u00f6hte Abf\u00fchrung an den Hauptverein verursacht ist. So wird der Beitrag f\u00fcr Einzelmitglieder auf 16,50 Euro und der Familienbeitrag auf 23,00 Euro steigen. Mit weniger als 1,50 Euro je Monat einschlie\u00dflich der viertelj\u00e4hrlichen Zustellung der Vereinszeitschrift, sind die Beitr\u00e4ge sicher eher niedrig in Anbetracht dessen, was an Leistungen daf\u00fcr geboten wird.  <\/p>\n<p>An die Jahresversammlung schloss sich dann wie in jedem Jahr wieder ein gem\u00fctliches Zusammensein der Wanderfamilie an. Bei Musik mit Bernd Luckenbach und viel Spa\u00df feierten die Wanderfreunde bis Mitternacht.<\/p>\n","protected":false},"excerpt":{"rendered":"<p>Westerwald-Verein Daaden res\u00fcmiert erfolgreiches Wanderjahr In einer guten Atmosph\u00e4re verlief die Jahresversammlung des Westerwald-Vereins Daaden im Gasthof Andres. So war es nicht verwunderlich, dass der Vorstand auf allen Positionen einstimmig wiedergew\u00e4hlt wurde. Vorsitzender ist somit weiter Gisbert Weber, sein Stellvertreter Martin Schmidt, Erwin Fries Kassierer, Walter Lenz Wanderwart, Jochem Hellmig Schriftf\u00fchrer und Kulturwart, Gerhard G\u00f6rg [&hellip;]<\/p>\n","protected":false},"author":2,"featured_media":0,"comment_status":"closed","ping_status":"closed","sticky":false,"template":"","format":"standard","meta":{"footnotes":""},"categories":[1],"tags":[],"class_list":["post-121","post","type-post","status-publish","format-standard","hentry","category-allgemein"],"_links":{"self":[{"href":"http:\/\/www.westerwaldverein-daaden.de\/blog\/wp-json\/wp\/v2\/posts\/121","targetHints":{"allow":["GET"]}}],"collection":[{"href":"http:\/\/www.westerwaldverein-daaden.de\/blog\/wp-json\/wp\/v2\/posts"}],"about":[{"href":"http:\/\/www.westerwaldverein-daaden.de\/blog\/wp-json\/wp\/v2\/types\/post"}],"author":[{"embeddable":true,"href":"http:\/\/www.westerwaldverein-daaden.de\/blog\/wp-json\/wp\/v2\/users\/2"}],"replies":[{"embeddable":true,"href":"http:\/\/www.westerwaldverein-daaden.de\/blog\/wp-json\/wp\/v2\/comments?post=121"}],"version-history":[{"count":0,"href":"http:\/\/www.westerwaldverein-daaden.de\/blog\/wp-json\/wp\/v2\/posts\/121\/revisions"}],"wp:attachment":[{"href":"http:\/\/www.westerwaldverein-daaden.de\/blog\/wp-json\/wp\/v2\/media?parent=121"}],"wp:term":[{"taxonomy":"category","embeddable":true,"href":"http:\/\/www.westerwaldverein-daaden.de\/blog\/wp-json\/wp\/v2\/categories?post=121"},{"taxonomy":"post_tag","embeddable":true,"href":"http:\/\/www.westerwaldverein-daaden.de\/blog\/wp-json\/wp\/v2\/tags?post=121"}],"curies":[{"name":"wp","href":"https:\/\/api.w.org\/{rel}","templated":true}]}}