{"id":128,"date":"2007-04-23T15:25:45","date_gmt":"2007-04-23T14:25:45","guid":{"rendered":"http:\/\/www.westerwaldverein-daaden.de\/blog\/2007\/04\/23\/kolner-wanderer-zu-besuch-im-westerwald\/"},"modified":"2007-04-24T16:05:48","modified_gmt":"2007-04-24T15:05:48","slug":"kolner-wanderer-zu-besuch-im-westerwald","status":"publish","type":"post","link":"http:\/\/www.westerwaldverein-daaden.de\/blog\/2007\/04\/23\/kolner-wanderer-zu-besuch-im-westerwald\/","title":{"rendered":"K\u00f6lner Wanderer zu Besuch im Westerwald"},"content":{"rendered":"<p>Diesmal hatte es der Wettergott gut gemeint, als sich morgens die Wanderfreunde des Westerwald-Vereins Daaden mit den K\u00f6lner Wanderfreunden auf den Weg zur \u201eAlm\u201c bei Steineroth machten. Von Jochem Hellmig, Walter Lenz und den Westerw\u00e4lder Wanderer empfangen, trafen die K\u00f6lner p\u00fcnktlich mit dem Zug auf dem Bahnhof in Betzdorf ein und vereint gingen fast 50 Wanderinnen und Wanderer auf die Strecke. <\/p>\n<p><!--more--><\/p>\n<p align=\"center\"><img decoding=\"async\" src=\"http:\/\/www.westerwaldverein-daaden.de\/blog\/wp-content\/wwv_w_070422_1.jpg\" alt=\" \" \/><br \/><small><\/small><\/p>\n<p>Steil bergauf ging es im erste Teil der Wanderroute, am Betzdorfer Sportplatz vorbei in Richtung Bruche und Scheuerfeld und weiter bis zum Siegh\u00f6henweg. Mittags war dann die H\u00f6he \u00fcber Dauersberg erreicht und auf der \u201eAlm\u201c gab es eine z\u00fcnftige Brotzeit. Bei sch\u00f6ner Aussicht wurde gemeinsam gevespert und viel erz\u00e4hlt. Ein Eintrag aller Wanderer ins H\u00fcttenbuch war nat\u00fcrlich selbstverst\u00e4ndlich.<\/p>\n<p align=\"center\"><img decoding=\"async\" src=\"http:\/\/www.westerwaldverein-daaden.de\/blog\/wp-content\/wwv_w_070422_4.jpg\" alt=\" \" \/><br \/><small><\/small><\/p>\n<p>Seit vielen Jahren verbindet den Zweigverein Daaden eine feste Wanderfreundschaft mit dem K\u00f6lner Zweigverein. Nicht immer<br \/>\naber hatte sich der Westerwald so positiv und freundlich gezeigt wie am vergangenen Sonntag. <\/p>\n<p align=\"center\"><img decoding=\"async\" src=\"http:\/\/www.westerwaldverein-daaden.de\/blog\/wp-content\/wwv_w_070422_2.jpg\" alt=\" \" \/><br \/><small><\/small><\/p>\n<p align=\"center\"><img decoding=\"async\" src=\"http:\/\/www.westerwaldverein-daaden.de\/blog\/wp-content\/wwv_w_070422_3.jpg\" alt=\" \" \/><br \/><small><\/small><\/p>\n<p>Wanderf\u00fchrer Walter Lenz hatte eine sehr sch\u00f6ne Wanderstrecke ausgesucht, von Betzdorf aus Richtung Scheuerfeld, \u00fcber Steineroth und zur\u00fcck \u00fcber Alsdorf wieder zum Bahnhof. Zwischendurch gab es immer wieder herrliche Ausblicke, besonders von der H\u00f6he oberhalb Steineroth, die von allen begeistert aufgenommen wurden. So waren die K\u00f6lner, aber auch die Daadener Wanderer voll des Lobes \u00fcber den gelungenen Wandertag. Mit einer kurzen Schlusseinkehr in der Eisdiele fand die Begegnung ihren Abschluss, bevor die K\u00f6lner G\u00e4ste wieder den Zug nach K\u00f6ln bestiegen.<\/p>\n","protected":false},"excerpt":{"rendered":"<p>Diesmal hatte es der Wettergott gut gemeint, als sich morgens die Wanderfreunde des Westerwald-Vereins Daaden mit den K\u00f6lner Wanderfreunden auf den Weg zur \u201eAlm\u201c bei Steineroth machten. Von Jochem Hellmig, Walter Lenz und den Westerw\u00e4lder Wanderer empfangen, trafen die K\u00f6lner p\u00fcnktlich mit dem Zug auf dem Bahnhof in Betzdorf ein und vereint gingen fast 50 [&hellip;]<\/p>\n","protected":false},"author":2,"featured_media":0,"comment_status":"closed","ping_status":"closed","sticky":false,"template":"","format":"standard","meta":{"footnotes":""},"categories":[5],"tags":[],"class_list":["post-128","post","type-post","status-publish","format-standard","hentry","category-wanderungen"],"_links":{"self":[{"href":"http:\/\/www.westerwaldverein-daaden.de\/blog\/wp-json\/wp\/v2\/posts\/128","targetHints":{"allow":["GET"]}}],"collection":[{"href":"http:\/\/www.westerwaldverein-daaden.de\/blog\/wp-json\/wp\/v2\/posts"}],"about":[{"href":"http:\/\/www.westerwaldverein-daaden.de\/blog\/wp-json\/wp\/v2\/types\/post"}],"author":[{"embeddable":true,"href":"http:\/\/www.westerwaldverein-daaden.de\/blog\/wp-json\/wp\/v2\/users\/2"}],"replies":[{"embeddable":true,"href":"http:\/\/www.westerwaldverein-daaden.de\/blog\/wp-json\/wp\/v2\/comments?post=128"}],"version-history":[{"count":0,"href":"http:\/\/www.westerwaldverein-daaden.de\/blog\/wp-json\/wp\/v2\/posts\/128\/revisions"}],"wp:attachment":[{"href":"http:\/\/www.westerwaldverein-daaden.de\/blog\/wp-json\/wp\/v2\/media?parent=128"}],"wp:term":[{"taxonomy":"category","embeddable":true,"href":"http:\/\/www.westerwaldverein-daaden.de\/blog\/wp-json\/wp\/v2\/categories?post=128"},{"taxonomy":"post_tag","embeddable":true,"href":"http:\/\/www.westerwaldverein-daaden.de\/blog\/wp-json\/wp\/v2\/tags?post=128"}],"curies":[{"name":"wp","href":"https:\/\/api.w.org\/{rel}","templated":true}]}}