{"id":1287,"date":"2011-07-18T13:54:03","date_gmt":"2011-07-18T11:54:03","guid":{"rendered":"http:\/\/www.westerwaldverein-daaden.de\/blog\/?p=1287"},"modified":"2011-07-18T13:54:36","modified_gmt":"2011-07-18T11:54:36","slug":"usinger-wanderfreunde-zu-gast-in-daaden","status":"publish","type":"post","link":"http:\/\/www.westerwaldverein-daaden.de\/blog\/2011\/07\/18\/usinger-wanderfreunde-zu-gast-in-daaden\/","title":{"rendered":"Usinger Wanderfreunde zu Gast in Daaden"},"content":{"rendered":"<p>Das Wetter gab sich gar nicht so gastfreundlich, als am Sonntagmorgen (17.07.2011) die 26 Wanderfreunde aus dem Taunus eine halbe Stunde fr\u00fcher als erwartet in Daaden ankamen. Aber p\u00fcnktlich um 10.00 Uhr lichtete sich die Wolkendecke und der Regen h\u00f6rte auf.<\/p>\n<p><!--more--><\/p>\n<div class=\"center\"><img loading=\"lazy\" decoding=\"async\" src=\"http:\/\/www.westerwaldverein-daaden.de\/blog\/wp-content\/uploads\/2011\/07\/usingen_2011_1.jpg\" alt=\"\" title=\"usingen_2011_1\" width=\"400\" height=\"300\" class=\"alignnone size-full wp-image-1289\" \/><\/div>\n<p>Nach der Begr\u00fc\u00dfung durch Martin Schmidt, der den Kontakt zu den Wanderern vom Taunusverein hergestellt hat, und einer kurzen Vorstellung des Daadener Landes durch den Vorsitzenden Gisbert Weber, machten sich bei doch gutem Wanderwetter dann die insgesamt 45 Wanderfreunde auf den Weg. <\/p>\n<div class=\"center\"><img loading=\"lazy\" decoding=\"async\" src=\"http:\/\/www.westerwaldverein-daaden.de\/blog\/wp-content\/uploads\/2011\/07\/usingen_2011_2.jpg\" alt=\"\" title=\"usingen_2011_2\" width=\"400\" height=\"300\" class=\"alignnone size-full wp-image-1290\" \/><\/div>\n<p>Zwei Wanderungen waren angeboten: Martin Schmidt f\u00fchrte eine gro\u00dfe Gruppe zu den Klebsandgruben \u201eAuf der Burg\u201c und dann weiter bis nach   Friedewald, w\u00e4hrend Gisbert Weber einer kleineren Wandergruppe bei der Wanderung \u00fcber den Panoramaweg Daaden weitere Informationen zu Daaden und der Region geben konnte. <\/p>\n<div class=\"center\"><img loading=\"lazy\" decoding=\"async\" src=\"http:\/\/www.westerwaldverein-daaden.de\/blog\/wp-content\/uploads\/2011\/07\/usingen_2011_4.jpg\" alt=\"\" title=\"usingen_2011_4\" width=\"400\" height=\"300\" class=\"alignnone size-full wp-image-1288\" \/><\/div>\n<p>Nach einem gemeinsamen Mittagessen im Schloss Friedewald, dass allen auch lecker geschmeckt hatte, ging Martin Schmidt mit seiner Wandergruppe \u00fcber die \u201eDerscher Fichten\u201c wieder zur\u00fcck nach Daaden.<\/p>\n<div class=\"center\"><img loading=\"lazy\" decoding=\"async\" src=\"http:\/\/www.westerwaldverein-daaden.de\/blog\/wp-content\/uploads\/2011\/07\/usingen_2011_3.jpg\" alt=\"\" title=\"usingen_2011_3\" width=\"400\" height=\"300\" class=\"alignnone size-full wp-image-1291\" \/><\/div>\n<p>Die 2. Gruppe schloss sich nach der R\u00fcckfahrt nach Daaden dann Ulrich Meyer an, der den G\u00e4sten aus dem Taunus bei einem Rundgang durch den Daadener Ortskern die Sch\u00f6nheiten von Daaden mit sehr viel Wissenswertem n\u00e4her bringen konnte. Er konnte Ihnen sicher viel zeigen, fand er dabei doch gro\u00dfes Interesse, was sich an den Reaktionen der Wanderfreunde zeigte.<\/p>\n<p>Auch die beiden Wanderungen fanden ein positives Interesse und es gab viel Lob von den G\u00e4stewanderern. Der Vorsitzende des Taunusklub Usingen, Horst Reinm\u00fcller, brachte in einer Bemerkung dabei eine Wanderwoche hier im Daadener Land ins Spiel. Andere versprachen, einfach mal wieder zu kommen, kannte man doch diesen Teil des Westerwaldes und Daaden bisher noch nicht.<\/p>\n<p>Zum Abschluss konnte dann Ulrich Meyer bei der Besichtigung der Daadener Barockkirche, den Wanderern aus Usingen und Daaden auch noch einiges zur Geschichte des Daadener Landes erkl\u00e4ren. <\/p>\n<p>Im Oktober dieses Jahres wird der Westerwald-Verein Daaden e.V. zum Gegenbesuch nach Usingen fahren, um 1. die Wanderfreundschaft zu festigen und 2. um auch ein St\u00fcck einer anderen Region kennen zu lernen. Bei Usingen liegt auch die Saalburg, ein weithin bekanntes und rekonstruiertes R\u00f6merkastell, nahe des Weltkulturerbes Limes.<\/p>\n","protected":false},"excerpt":{"rendered":"<p>Das Wetter gab sich gar nicht so gastfreundlich, als am Sonntagmorgen (17.07.2011) die 26 Wanderfreunde aus dem Taunus eine halbe Stunde fr\u00fcher als erwartet in Daaden ankamen. Aber p\u00fcnktlich um 10.00 Uhr lichtete sich die Wolkendecke und der Regen h\u00f6rte auf.<\/p>\n","protected":false},"author":2,"featured_media":0,"comment_status":"closed","ping_status":"closed","sticky":false,"template":"","format":"standard","meta":{"footnotes":""},"categories":[5],"tags":[],"class_list":["post-1287","post","type-post","status-publish","format-standard","hentry","category-wanderungen"],"_links":{"self":[{"href":"http:\/\/www.westerwaldverein-daaden.de\/blog\/wp-json\/wp\/v2\/posts\/1287","targetHints":{"allow":["GET"]}}],"collection":[{"href":"http:\/\/www.westerwaldverein-daaden.de\/blog\/wp-json\/wp\/v2\/posts"}],"about":[{"href":"http:\/\/www.westerwaldverein-daaden.de\/blog\/wp-json\/wp\/v2\/types\/post"}],"author":[{"embeddable":true,"href":"http:\/\/www.westerwaldverein-daaden.de\/blog\/wp-json\/wp\/v2\/users\/2"}],"replies":[{"embeddable":true,"href":"http:\/\/www.westerwaldverein-daaden.de\/blog\/wp-json\/wp\/v2\/comments?post=1287"}],"version-history":[{"count":2,"href":"http:\/\/www.westerwaldverein-daaden.de\/blog\/wp-json\/wp\/v2\/posts\/1287\/revisions"}],"predecessor-version":[{"id":1293,"href":"http:\/\/www.westerwaldverein-daaden.de\/blog\/wp-json\/wp\/v2\/posts\/1287\/revisions\/1293"}],"wp:attachment":[{"href":"http:\/\/www.westerwaldverein-daaden.de\/blog\/wp-json\/wp\/v2\/media?parent=1287"}],"wp:term":[{"taxonomy":"category","embeddable":true,"href":"http:\/\/www.westerwaldverein-daaden.de\/blog\/wp-json\/wp\/v2\/categories?post=1287"},{"taxonomy":"post_tag","embeddable":true,"href":"http:\/\/www.westerwaldverein-daaden.de\/blog\/wp-json\/wp\/v2\/tags?post=1287"}],"curies":[{"name":"wp","href":"https:\/\/api.w.org\/{rel}","templated":true}]}}