{"id":132,"date":"2007-05-16T08:30:27","date_gmt":"2007-05-16T07:30:27","guid":{"rendered":"http:\/\/www.westerwaldverein-daaden.de\/blog\/2007\/05\/16\/wandern-verbindet-und-macht-bewandert\/"},"modified":"2007-05-16T08:35:17","modified_gmt":"2007-05-16T07:35:17","slug":"wandern-verbindet-und-macht-bewandert","status":"publish","type":"post","link":"http:\/\/www.westerwaldverein-daaden.de\/blog\/2007\/05\/16\/wandern-verbindet-und-macht-bewandert\/","title":{"rendered":"Wandern verbindet und macht bewandert"},"content":{"rendered":"<p><strong>Daadener und Mudersbacher Wanderer besuchten sich gegenseitig<\/strong><\/p>\n<p>Waren es zuerst die Wanderer vom Westerwald-Verein Daaden, die von Mudersbach aus im Giebelwald wanderten, so kamen 3 Tage sp\u00e4ter die Mudersbacher, um von der H\u00fcllbuche zum Naturschutzgebiet \u201eMahlscheid\u201c und \u00fcber den Hohenseelbachskopf bis zur Daadener Westerwaldh\u00fctte zu wandern.<\/p>\n<p><!--more-->Doch es wurde nicht nur gewandert, es gab auch viel Interessantes zu besichtigen, was die \u00f6rtlichen Heimatfreunde den G\u00e4sten gerne zeigen wollten. Nach der sch\u00f6nen Wanderung im Giebelwald hatten die Mudersbacher Mitglieder des SGV in ihr sch\u00f6nes Wanderheim eingeladen. Und danach wurde der Schieferstollen \u201eWilhelmslust\u201c im H\u00e4rdtchen besucht, der von den Heimatfreunden in m\u00fchevoller Arbeit f\u00fcr die Besucher wieder zur Begehung hergerichtet worden ist. Es lohnt sich hier vorbeizuschauen. Hier im Stollen kann man sehen, wie fr\u00fcher der Schiefer f\u00fcr die umliegenden Hausd\u00e4cher gewonnen wurde.<\/p>\n<p align=\"center\"><img decoding=\"async\" src=\"http:\/\/www.westerwaldverein-daaden.de\/blog\/wp-content\/wwv_giebelwald_2007_05.jpg\" alt=\"Giebelwald\" \/><br \/><small>Wanderer vor dem Schieferstollen <\/small><\/p>\n<p>In Daaden hatte Walter Lenz die Mudersbacher Wanderer in den alten Steinbruch Mahlscheid gef\u00fchrt, nat\u00fcrlich nicht ohne sich vorher die Genehmigung hierzu einzuholen. Wo fr\u00fcher Basalt abgebaut wurde, ist nach der Unterschutzstellung Anfang der 90er Jahre ein sehr sehenswertes Naturschutzgebiet entstanden, in dem es wieder viele seltene Pflanzen zu bewundern gibt. Ein kleiner Weiher wird umrahmt von bis zu 40 Meter hohen Steilw\u00e4nden. Die Siegerl\u00e4nder Naturfreunde bieten hier gef\u00fchrte Wanderungen an.<\/p>\n<p align=\"center\"><img decoding=\"async\" src=\"http:\/\/www.westerwaldverein-daaden.de\/blog\/wp-content\/wwv_rodenbach_2007_05.jpg\" alt=\"Giebelwald\" \/><br \/><small>Wanderer vor der Westerwaldh\u00fctte auf der Rodenbach <\/small><\/p>\n","protected":false},"excerpt":{"rendered":"<p>Daadener und Mudersbacher Wanderer besuchten sich gegenseitig Waren es zuerst die Wanderer vom Westerwald-Verein Daaden, die von Mudersbach aus im Giebelwald wanderten, so kamen 3 Tage sp\u00e4ter die Mudersbacher, um von der H\u00fcllbuche zum Naturschutzgebiet \u201eMahlscheid\u201c und \u00fcber den Hohenseelbachskopf bis zur Daadener Westerwaldh\u00fctte zu wandern.<\/p>\n","protected":false},"author":2,"featured_media":0,"comment_status":"closed","ping_status":"closed","sticky":false,"template":"","format":"standard","meta":{"footnotes":""},"categories":[5],"tags":[],"class_list":["post-132","post","type-post","status-publish","format-standard","hentry","category-wanderungen"],"_links":{"self":[{"href":"http:\/\/www.westerwaldverein-daaden.de\/blog\/wp-json\/wp\/v2\/posts\/132","targetHints":{"allow":["GET"]}}],"collection":[{"href":"http:\/\/www.westerwaldverein-daaden.de\/blog\/wp-json\/wp\/v2\/posts"}],"about":[{"href":"http:\/\/www.westerwaldverein-daaden.de\/blog\/wp-json\/wp\/v2\/types\/post"}],"author":[{"embeddable":true,"href":"http:\/\/www.westerwaldverein-daaden.de\/blog\/wp-json\/wp\/v2\/users\/2"}],"replies":[{"embeddable":true,"href":"http:\/\/www.westerwaldverein-daaden.de\/blog\/wp-json\/wp\/v2\/comments?post=132"}],"version-history":[{"count":0,"href":"http:\/\/www.westerwaldverein-daaden.de\/blog\/wp-json\/wp\/v2\/posts\/132\/revisions"}],"wp:attachment":[{"href":"http:\/\/www.westerwaldverein-daaden.de\/blog\/wp-json\/wp\/v2\/media?parent=132"}],"wp:term":[{"taxonomy":"category","embeddable":true,"href":"http:\/\/www.westerwaldverein-daaden.de\/blog\/wp-json\/wp\/v2\/categories?post=132"},{"taxonomy":"post_tag","embeddable":true,"href":"http:\/\/www.westerwaldverein-daaden.de\/blog\/wp-json\/wp\/v2\/tags?post=132"}],"curies":[{"name":"wp","href":"https:\/\/api.w.org\/{rel}","templated":true}]}}