{"id":140,"date":"2006-01-26T18:34:54","date_gmt":"2006-01-26T17:34:54","guid":{"rendered":"http:\/\/www.westerwaldverein-daaden.de\/blog\/2006\/01\/26\/jochen-niemand\/"},"modified":"2007-06-10T10:32:31","modified_gmt":"2007-06-10T09:32:31","slug":"jochen-niemand","status":"publish","type":"post","link":"http:\/\/www.westerwaldverein-daaden.de\/blog\/2006\/01\/26\/jochen-niemand\/","title":{"rendered":"Jochen Niemand"},"content":{"rendered":"<p>SGV Bezirk Siegerland e.V. &#8211; Bezirksreferent Naturschutz und Wege<\/p>\n<p>Sehr geehrte Damen und Herren, liebe Wanderfreunde,<br \/>\nich m\u00f6chte Sie gerne einmal kennen lernen und ein Gespr\u00e4ch mit Ihnen f\u00fchren, da Sie ja auch im Siegerland zeichnen.<br \/>\nTelefon und Fax 02737 &#8211; 93225 oder 0170 2162 906<br \/>\nFrisch Auf Jochen Niemand<\/p>\n","protected":false},"excerpt":{"rendered":"<p>SGV Bezirk Siegerland e.V. &#8211; Bezirksreferent Naturschutz und Wege Sehr geehrte Damen und Herren, liebe Wanderfreunde, ich m\u00f6chte Sie gerne einmal kennen lernen und ein Gespr\u00e4ch mit Ihnen f\u00fchren, da Sie ja auch im Siegerland zeichnen. Telefon und Fax 02737 &#8211; 93225 oder 0170 2162 906 Frisch Auf Jochen Niemand<\/p>\n","protected":false},"author":2,"featured_media":0,"comment_status":"closed","ping_status":"closed","sticky":false,"template":"","format":"standard","meta":{"footnotes":""},"categories":[6],"tags":[],"class_list":["post-140","post","type-post","status-publish","format-standard","hentry","category-kommentare"],"_links":{"self":[{"href":"http:\/\/www.westerwaldverein-daaden.de\/blog\/wp-json\/wp\/v2\/posts\/140","targetHints":{"allow":["GET"]}}],"collection":[{"href":"http:\/\/www.westerwaldverein-daaden.de\/blog\/wp-json\/wp\/v2\/posts"}],"about":[{"href":"http:\/\/www.westerwaldverein-daaden.de\/blog\/wp-json\/wp\/v2\/types\/post"}],"author":[{"embeddable":true,"href":"http:\/\/www.westerwaldverein-daaden.de\/blog\/wp-json\/wp\/v2\/users\/2"}],"replies":[{"embeddable":true,"href":"http:\/\/www.westerwaldverein-daaden.de\/blog\/wp-json\/wp\/v2\/comments?post=140"}],"version-history":[{"count":0,"href":"http:\/\/www.westerwaldverein-daaden.de\/blog\/wp-json\/wp\/v2\/posts\/140\/revisions"}],"wp:attachment":[{"href":"http:\/\/www.westerwaldverein-daaden.de\/blog\/wp-json\/wp\/v2\/media?parent=140"}],"wp:term":[{"taxonomy":"category","embeddable":true,"href":"http:\/\/www.westerwaldverein-daaden.de\/blog\/wp-json\/wp\/v2\/categories?post=140"},{"taxonomy":"post_tag","embeddable":true,"href":"http:\/\/www.westerwaldverein-daaden.de\/blog\/wp-json\/wp\/v2\/tags?post=140"}],"curies":[{"name":"wp","href":"https:\/\/api.w.org\/{rel}","templated":true}]}}