{"id":143,"date":"2006-11-06T22:14:38","date_gmt":"2006-11-06T21:14:38","guid":{"rendered":"http:\/\/www.westerwaldverein-daaden.de\/blog\/2006\/11\/06\/gerhard-fuckert-westerburg\/"},"modified":"2006-11-06T22:14:38","modified_gmt":"2006-11-06T21:14:38","slug":"gerhard-fuckert-westerburg","status":"publish","type":"post","link":"http:\/\/www.westerwaldverein-daaden.de\/blog\/2006\/11\/06\/gerhard-fuckert-westerburg\/","title":{"rendered":"Gerhard Fuckert, Westerburg"},"content":{"rendered":"<p>Bin zuf\u00e4llig auf Eure Seite geraten, und wollte mich mal nach der Westerwald-H\u00fctte erkundigen, von der ich schon viel positives geh\u00f6rt habe. Ich bin erstaunt, wie aktiv Eurer Verein ist, der praktisch den gesamten geographischen Westerwald erwandert. <\/p>\n<p>Macht weiter so!<\/p>\n","protected":false},"excerpt":{"rendered":"<p>Bin zuf\u00e4llig auf Eure Seite geraten, und wollte mich mal nach der Westerwald-H\u00fctte erkundigen, von der ich schon viel positives geh\u00f6rt habe. Ich bin erstaunt, wie aktiv Eurer Verein ist, der praktisch den gesamten geographischen Westerwald erwandert. Macht weiter so!<\/p>\n","protected":false},"author":2,"featured_media":0,"comment_status":"closed","ping_status":"closed","sticky":false,"template":"","format":"standard","meta":{"footnotes":""},"categories":[6],"tags":[],"class_list":["post-143","post","type-post","status-publish","format-standard","hentry","category-kommentare"],"_links":{"self":[{"href":"http:\/\/www.westerwaldverein-daaden.de\/blog\/wp-json\/wp\/v2\/posts\/143","targetHints":{"allow":["GET"]}}],"collection":[{"href":"http:\/\/www.westerwaldverein-daaden.de\/blog\/wp-json\/wp\/v2\/posts"}],"about":[{"href":"http:\/\/www.westerwaldverein-daaden.de\/blog\/wp-json\/wp\/v2\/types\/post"}],"author":[{"embeddable":true,"href":"http:\/\/www.westerwaldverein-daaden.de\/blog\/wp-json\/wp\/v2\/users\/2"}],"replies":[{"embeddable":true,"href":"http:\/\/www.westerwaldverein-daaden.de\/blog\/wp-json\/wp\/v2\/comments?post=143"}],"version-history":[{"count":0,"href":"http:\/\/www.westerwaldverein-daaden.de\/blog\/wp-json\/wp\/v2\/posts\/143\/revisions"}],"wp:attachment":[{"href":"http:\/\/www.westerwaldverein-daaden.de\/blog\/wp-json\/wp\/v2\/media?parent=143"}],"wp:term":[{"taxonomy":"category","embeddable":true,"href":"http:\/\/www.westerwaldverein-daaden.de\/blog\/wp-json\/wp\/v2\/categories?post=143"},{"taxonomy":"post_tag","embeddable":true,"href":"http:\/\/www.westerwaldverein-daaden.de\/blog\/wp-json\/wp\/v2\/tags?post=143"}],"curies":[{"name":"wp","href":"https:\/\/api.w.org\/{rel}","templated":true}]}}