{"id":144,"date":"2007-02-16T22:12:25","date_gmt":"2007-02-16T21:12:25","guid":{"rendered":"http:\/\/www.westerwaldverein-daaden.de\/blog\/2007\/02\/16\/matthias-wohlfahrt\/"},"modified":"2007-06-10T10:32:06","modified_gmt":"2007-06-10T09:32:06","slug":"matthias-wohlfahrt","status":"publish","type":"post","link":"http:\/\/www.westerwaldverein-daaden.de\/blog\/2007\/02\/16\/matthias-wohlfahrt\/","title":{"rendered":"Matthias Wohlfahrt"},"content":{"rendered":"<p>Hallo und &#8222;Frisch auf&#8220; liebe Daadener Freunde !<\/p>\n<p>Sch\u00f6n Eure Internetpr\u00e4senz hier.<\/p>\n<p>Es gr\u00fc\u00dft Euch vom Westerwaldverein Merenberg<\/p>\n<p>Wanderf\u00fchrer Matthias Wohlfahrt<\/p>\n","protected":false},"excerpt":{"rendered":"<p>Hallo und &#8222;Frisch auf&#8220; liebe Daadener Freunde ! Sch\u00f6n Eure Internetpr\u00e4senz hier. Es gr\u00fc\u00dft Euch vom Westerwaldverein Merenberg Wanderf\u00fchrer Matthias Wohlfahrt<\/p>\n","protected":false},"author":2,"featured_media":0,"comment_status":"closed","ping_status":"closed","sticky":false,"template":"","format":"standard","meta":{"footnotes":""},"categories":[6],"tags":[],"class_list":["post-144","post","type-post","status-publish","format-standard","hentry","category-kommentare"],"_links":{"self":[{"href":"http:\/\/www.westerwaldverein-daaden.de\/blog\/wp-json\/wp\/v2\/posts\/144","targetHints":{"allow":["GET"]}}],"collection":[{"href":"http:\/\/www.westerwaldverein-daaden.de\/blog\/wp-json\/wp\/v2\/posts"}],"about":[{"href":"http:\/\/www.westerwaldverein-daaden.de\/blog\/wp-json\/wp\/v2\/types\/post"}],"author":[{"embeddable":true,"href":"http:\/\/www.westerwaldverein-daaden.de\/blog\/wp-json\/wp\/v2\/users\/2"}],"replies":[{"embeddable":true,"href":"http:\/\/www.westerwaldverein-daaden.de\/blog\/wp-json\/wp\/v2\/comments?post=144"}],"version-history":[{"count":0,"href":"http:\/\/www.westerwaldverein-daaden.de\/blog\/wp-json\/wp\/v2\/posts\/144\/revisions"}],"wp:attachment":[{"href":"http:\/\/www.westerwaldverein-daaden.de\/blog\/wp-json\/wp\/v2\/media?parent=144"}],"wp:term":[{"taxonomy":"category","embeddable":true,"href":"http:\/\/www.westerwaldverein-daaden.de\/blog\/wp-json\/wp\/v2\/categories?post=144"},{"taxonomy":"post_tag","embeddable":true,"href":"http:\/\/www.westerwaldverein-daaden.de\/blog\/wp-json\/wp\/v2\/tags?post=144"}],"curies":[{"name":"wp","href":"https:\/\/api.w.org\/{rel}","templated":true}]}}