{"id":145,"date":"2007-06-23T09:00:08","date_gmt":"2007-06-23T08:00:08","guid":{"rendered":"http:\/\/www.westerwaldverein-daaden.de\/blog\/2007\/06\/23\/neues-angebot-halbtagswanderungen\/"},"modified":"2007-07-03T19:22:40","modified_gmt":"2007-07-03T18:22:40","slug":"neues-angebot-halbtagswanderungen","status":"publish","type":"post","link":"http:\/\/www.westerwaldverein-daaden.de\/blog\/2007\/06\/23\/neues-angebot-halbtagswanderungen\/","title":{"rendered":"Neues Angebot &raquo;Halbtagswanderungen&laquo;"},"content":{"rendered":"<p>Der Westerwald-Verein Daaden m\u00f6chte mit Halbtagswanderungen sein Angebot f\u00fcr interessierte Wanderfreunde erweitern. Zu den Tageswanderungen an Sonntagen mit Streckenl\u00e4ngen von 16 bis 18 Kilometer und den Seniorenwanderungen an Wochentagen von 4 bis 5 Kilometer werden jetzt auch Halbtageswanderungen an Sonntagnachmittagen von 8 bis 10 Kilometer Streckenl\u00e4nge angeboten.<\/p>\n","protected":false},"excerpt":{"rendered":"<p>Der Westerwald-Verein Daaden m\u00f6chte mit Halbtagswanderungen sein Angebot f\u00fcr interessierte Wanderfreunde erweitern. Zu den Tageswanderungen an Sonntagen mit Streckenl\u00e4ngen von 16 bis 18 Kilometer und den Seniorenwanderungen an Wochentagen von 4 bis 5 Kilometer werden jetzt auch Halbtageswanderungen an Sonntagnachmittagen von 8 bis 10 Kilometer Streckenl\u00e4nge angeboten.<\/p>\n","protected":false},"author":2,"featured_media":0,"comment_status":"closed","ping_status":"closed","sticky":false,"template":"","format":"standard","meta":{"footnotes":""},"categories":[1],"tags":[],"class_list":["post-145","post","type-post","status-publish","format-standard","hentry","category-allgemein"],"_links":{"self":[{"href":"http:\/\/www.westerwaldverein-daaden.de\/blog\/wp-json\/wp\/v2\/posts\/145","targetHints":{"allow":["GET"]}}],"collection":[{"href":"http:\/\/www.westerwaldverein-daaden.de\/blog\/wp-json\/wp\/v2\/posts"}],"about":[{"href":"http:\/\/www.westerwaldverein-daaden.de\/blog\/wp-json\/wp\/v2\/types\/post"}],"author":[{"embeddable":true,"href":"http:\/\/www.westerwaldverein-daaden.de\/blog\/wp-json\/wp\/v2\/users\/2"}],"replies":[{"embeddable":true,"href":"http:\/\/www.westerwaldverein-daaden.de\/blog\/wp-json\/wp\/v2\/comments?post=145"}],"version-history":[{"count":0,"href":"http:\/\/www.westerwaldverein-daaden.de\/blog\/wp-json\/wp\/v2\/posts\/145\/revisions"}],"wp:attachment":[{"href":"http:\/\/www.westerwaldverein-daaden.de\/blog\/wp-json\/wp\/v2\/media?parent=145"}],"wp:term":[{"taxonomy":"category","embeddable":true,"href":"http:\/\/www.westerwaldverein-daaden.de\/blog\/wp-json\/wp\/v2\/categories?post=145"},{"taxonomy":"post_tag","embeddable":true,"href":"http:\/\/www.westerwaldverein-daaden.de\/blog\/wp-json\/wp\/v2\/tags?post=145"}],"curies":[{"name":"wp","href":"https:\/\/api.w.org\/{rel}","templated":true}]}}