{"id":149,"date":"2007-07-24T19:00:55","date_gmt":"2007-07-24T18:00:55","guid":{"rendered":"http:\/\/www.westerwaldverein-daaden.de\/blog\/2007\/07\/24\/westerwald-verein-daaden-besuchte-stoffelpark-in-enspel\/"},"modified":"2007-07-26T16:24:41","modified_gmt":"2007-07-26T15:24:41","slug":"westerwald-verein-daaden-besuchte-stoffelpark-in-enspel","status":"publish","type":"post","link":"http:\/\/www.westerwaldverein-daaden.de\/blog\/2007\/07\/24\/westerwald-verein-daaden-besuchte-stoffelpark-in-enspel\/","title":{"rendered":"Westerwald-Verein Daaden besuchte St\u00f6ffelpark in Enspel"},"content":{"rendered":"<p>Viele interessante Eindr\u00fccke \u00fcber erdgeschichtlichen Abl\u00e4ufe im Terti\u00e4r und \u00fcber die Industriegeschichte des Basaltabbaues im vorigen Jahrhundert konnten die mehr als 35 Wanderinnen und Wanderer bei der Tageswanderung zum \u201eSt\u00f6ffel\u201c mitnehmen.<\/p>\n<p>Wanderf\u00fchrer Hans Wassenberg hatte die Wanderroute so eingeteilt, dass die Wanderer vom Aussichtspunkt in Rotenhain zuerst einen Gesamt\u00fcberblick \u00fcber den Steinbruch \u201eSt\u00f6ffel\u201c nehmen konnten. \u00dcber fast 3,5 Kilometer L\u00e4nge erstreckt sich diese Steinbruchanlage, in deren mittlerem Teil auch heute noch Basalt abgebaut wird.<\/p>\n<p><!--more--><\/p>\n<p align=\"center\"><img decoding=\"async\" src=\"http:\/\/www.westerwaldverein-daaden.de\/blog\/wp-content\/wwv_stoeffelpark_2007_702.jpg\" alt=\"St\u00f6ffelpark\" \/><br \/><small><\/small><\/p>\n<p>In Enspel angekommen, gab es erste Erkl\u00e4rungen zur Gesamtkonzeption und zum Entwicklungsstand des im Bau befindlichen Terti\u00e4r- und Industrie-Erlebnisparks \u201eSt\u00f6ffel\u201c. Die von der EU gef\u00f6rderten Bauma\u00dfnahmen sind in vollem Gange und das Vorhaben nimmt immer mehr Gestalt an.<\/p>\n<p>Drei Hauptthemen bestimmen das Konzept: Da ist einmal die erdgeschichtliche Komponente der Fossilienlagerst\u00e4tte, die viel Wissenswertes \u00fcber Pflanzen- und Kleintierwelt aus der Zeit vor zirka 25 Mill. Jahren \u00fcberliefert.<\/p>\n<p align=\"center\"><img decoding=\"async\" src=\"http:\/\/www.westerwaldverein-daaden.de\/blog\/wp-content\/wwv_stoeffelpark_2007_707.jpg\" alt=\"St\u00f6ffelpark\" \/><br \/><small><\/small><\/p>\n<p>Unter dem Basaltvorkommen befinden weiche Schieferschichten mit vielen au\u00dfergew\u00f6hnlichen gut erhaltenen Ablagerungen und Versteinerungen, die zahlreiche R\u00fcckschl\u00fcsse auch auf das Klima im heutigen Westerwald geben. Die \u201eSt\u00f6ffelmaus\u201c ist sicher die  bekannteste und in seiner Vollst\u00e4ndigkeit einzigartigste Versteinerung, die bisher hier gefunden wurde.<\/p>\n<p>Der zweite Bereich befasst sich mit der Industriegeschichte des Basaltabbaues im letzten Jahrhundert. Maschinen und Anlagen im stillgelegten Teil (fr\u00fcher Firma Adrian) sind wohl als \u00e4ltestes und noch geschlossenes Ensemble der Basaltindustrie vorhanden und zu bestaunen.<\/p>\n<p align=\"center\"><img decoding=\"async\" src=\"http:\/\/www.westerwaldverein-daaden.de\/blog\/wp-content\/wwv_stoeffelpark_2007_711.jpg\" alt=\"St\u00f6ffelpark\" \/><br \/><small><\/small><\/p>\n<p>Ein dritter Bereich wendet sich an Kulturinteressierte. Eine Freilichtb\u00fchne bietet die M\u00f6glichkeit von Theaterauff\u00fchrungen, Lichtbild- und Dia-Schauen und bietet Platz f\u00fcr viele Zuschauer. Kletterw\u00e4nde und ein Angebot gastronomischer Betriebe werden nach Abschluss der Arbeiten ebenso vorhanden sein und somit einen Besuch immer lohnender machen.<\/p>\n<p align=\"center\"><img decoding=\"async\" src=\"http:\/\/www.westerwaldverein-daaden.de\/blog\/wp-content\/wwv_stoeffelpark_2007_712.jpg\" alt=\"St\u00f6ffelpark\" \/><br \/><small><\/small><\/p>\n<p>Bevor die zirka 15 Kilometer lange Wanderung nach der Mittagsrast ihren Fortgang nahm, war ein wundersch\u00f6ner Panoramablick vom neuerrichteten  Aussichtsturm \u00fcber die H\u00f6hen des Westerwaldes ein weiterer H\u00f6hepunkt der St\u00f6ffelbesichtigung. <\/p>\n","protected":false},"excerpt":{"rendered":"<p>Viele interessante Eindr\u00fccke \u00fcber erdgeschichtlichen Abl\u00e4ufe im Terti\u00e4r und \u00fcber die Industriegeschichte des Basaltabbaues im vorigen Jahrhundert konnten die mehr als 35 Wanderinnen und Wanderer bei der Tageswanderung zum \u201eSt\u00f6ffel\u201c mitnehmen. Wanderf\u00fchrer Hans Wassenberg hatte die Wanderroute so eingeteilt, dass die Wanderer vom Aussichtspunkt in Rotenhain zuerst einen Gesamt\u00fcberblick \u00fcber den Steinbruch \u201eSt\u00f6ffel\u201c nehmen konnten. [&hellip;]<\/p>\n","protected":false},"author":2,"featured_media":0,"comment_status":"closed","ping_status":"closed","sticky":false,"template":"","format":"standard","meta":{"footnotes":""},"categories":[5],"tags":[],"class_list":["post-149","post","type-post","status-publish","format-standard","hentry","category-wanderungen"],"_links":{"self":[{"href":"http:\/\/www.westerwaldverein-daaden.de\/blog\/wp-json\/wp\/v2\/posts\/149","targetHints":{"allow":["GET"]}}],"collection":[{"href":"http:\/\/www.westerwaldverein-daaden.de\/blog\/wp-json\/wp\/v2\/posts"}],"about":[{"href":"http:\/\/www.westerwaldverein-daaden.de\/blog\/wp-json\/wp\/v2\/types\/post"}],"author":[{"embeddable":true,"href":"http:\/\/www.westerwaldverein-daaden.de\/blog\/wp-json\/wp\/v2\/users\/2"}],"replies":[{"embeddable":true,"href":"http:\/\/www.westerwaldverein-daaden.de\/blog\/wp-json\/wp\/v2\/comments?post=149"}],"version-history":[{"count":0,"href":"http:\/\/www.westerwaldverein-daaden.de\/blog\/wp-json\/wp\/v2\/posts\/149\/revisions"}],"wp:attachment":[{"href":"http:\/\/www.westerwaldverein-daaden.de\/blog\/wp-json\/wp\/v2\/media?parent=149"}],"wp:term":[{"taxonomy":"category","embeddable":true,"href":"http:\/\/www.westerwaldverein-daaden.de\/blog\/wp-json\/wp\/v2\/categories?post=149"},{"taxonomy":"post_tag","embeddable":true,"href":"http:\/\/www.westerwaldverein-daaden.de\/blog\/wp-json\/wp\/v2\/tags?post=149"}],"curies":[{"name":"wp","href":"https:\/\/api.w.org\/{rel}","templated":true}]}}