{"id":15,"date":"2004-08-19T12:00:24","date_gmt":"2004-08-19T11:00:24","guid":{"rendered":"http:\/\/www.westerwaldverein-daaden.de\/blog\/2004\/08\/19\/neue-schutzhutte-am-europaischen-fernwanderweg-nr-1\/"},"modified":"2007-03-05T09:50:53","modified_gmt":"2007-03-05T08:50:53","slug":"neue-schutzhuette-am-fernwanderweg-1","status":"publish","type":"post","link":"http:\/\/www.westerwaldverein-daaden.de\/blog\/2004\/08\/19\/neue-schutzhuette-am-fernwanderweg-1\/","title":{"rendered":"Neue Wanderh\u00fctte &#8222;An den Tr\u00f6delsteinen&#8220;"},"content":{"rendered":"<p>Mitglieder des Westerwald-Vereins Daaden e.V. haben in einer gemeinsamen Aktion f\u00fcr die Wanderer auf dem Europ\u00e4ischen Fernwanderweg Nr. 1 (Nordsee bis Genua) und f\u00fcr einheimische Wanderer, aber auch f\u00fcr Radfahrer, die auf der Strecke sind, eine Schutzh\u00fctte gebaut.<\/p>\n<p><!--more-->Nicht weit vom Naturdenkmal &#8222;Tr\u00f6delsteine&#8220; entfernt, soll der Unterstand den Wanderern Rastm\u00f6glichkeit und Schutz vor Regen bieten. Es sollte eine einfache Schutzh\u00fctte werden, die sich harmonisch und nicht sehr auff\u00e4llig in die Waldlandschaft einf\u00fcgt. Deshalb wurde auch als Baumaterial, in Absprache mit den zust\u00e4ndigen Beh\u00f6rden, nur Holz &#8211; wie z.B. unbes\u00e4umte Fichtenhalbh\u00f6lzer, Rundh\u00f6lzer &#8211; und f\u00fcr das Dach Bretter mit Dachpappe und Dachleisten gew\u00e4hlt.<\/p>\n<p align=\"center\"><img decoding=\"async\" src=\"http:\/\/www.westerwaldverein-daaden.de\/blog\/wp-content\/schutzhuette-troedelsteine.jpg\" alt=\"Schutzh\u00fctte\" \/><br \/><small>(Foto: Marc Rosenkranz, Emmerzhausen)<\/small><br \/>In der N\u00e4he der Tr\u00f6delsteine finden Wanderer<br \/>und Radfahrer Schutz vor Regen<\/p>\n<p>W\u00e4hrend schon 2002 mehrere Fichtenst\u00e4mme geschlagen wurden, konnten diese im Vorjahr zugeschnitten und zum Trocknen gelagert wurden. Vor einigen Wochen wurden die Fundamente f\u00fcr die H\u00fctte gefertigt und Anfang August konnte nun die Schutzh\u00fctte endg\u00fcltig fertig gestellt werden. An drei Seiten wurden in der 3 x 2 m gro\u00dfen H\u00fctte B\u00e4nke aus Holzbohlen angebracht, die ausreichend Sitzm\u00f6glichkeiten bieten. F\u00fcr den Bau der Schutzh\u00fctte wurden, vom Holzeinschlag an bis zur Fertigstellung, von den Vereinsmitgliedern insgesamt ca. 240 Arbeitsstunden aufgewendet.<\/p>\n<p>Der Westerwald-Verein Daaden e.V. sah es schon lange als sein besonderes Anliegen an, den Wanderern hier am Europ\u00e4ischen Fernwanderweg einen Schutz gegen widrige Wetterbedingungen zu bieten. Auf der Wanderstrecke von der Fuchskaute bis zu der Gastst\u00e4tte am Hohenseelbachskopf gibt es n\u00e4mlich an diesem Wanderweg keine derartige Unterstellm\u00f6glichkeit, die immer zug\u00e4nglich ist.<\/p>\n<p>Auf einer Informationstafel direkt neben der Schutzh\u00fctte findet man Hinweise zu anderen Wanderwegen, zum Daadener Land und auch allgemeine Hinweise zur hiesigen Gastronomie und der M\u00f6glichkeit zur \u00dcbernachtung.<\/p>\n<p>Ebenfalls in diesem Fr\u00fchjahr hatten sich Mitglieder des Westerwald-Vereins Daaden in Abstimmung mit der Forstbeh\u00f6rde in Friedewald (Ersatzwald) aufgemacht, das Naturdenkmal &#8222;Tr\u00f6delsteine&#8220; von aufstehenden B\u00e4umen, von Geb\u00fcsch und von Fichtenzweigen zu befreien. V\u00f6llig zugewachsen und von Moos \u00fcberwuchert, konnten die drei Sto\u00dfkuppen aus Basaltsteinen schon fast nicht mehr vom nahen Wanderweg aus wahrgenommen werden.<\/p>\n<p>Auf den runden Basaltsteinen war die R\u00e4umung ein schwieriges Unterfangen, und so waren die sieben Leute vom Westerwald-Verein Daaden insgesamt fast zwei Tage im Einsatz. Jetzt ist der markante Ger\u00f6ll-Steinhaufen des bekannten Naturdenkmals &#8222;Tr\u00f6delsteine&#8220; wieder gut zu sehen. Wer sich die M\u00fche macht, hinauf zu steigen, hat von seinem Gipfel einen herrlichen Ausblick ins nahe Siegerland.<\/p>\n","protected":false},"excerpt":{"rendered":"<p>Mitglieder des Westerwald-Vereins Daaden e.V. haben in einer gemeinsamen Aktion f\u00fcr die Wanderer auf dem Europ\u00e4ischen Fernwanderweg Nr. 1 (Nordsee bis Genua) und f\u00fcr einheimische Wanderer, aber auch f\u00fcr Radfahrer, die auf der Strecke sind, eine Schutzh\u00fctte gebaut.<\/p>\n","protected":false},"author":2,"featured_media":0,"comment_status":"closed","ping_status":"closed","sticky":false,"template":"","format":"standard","meta":{"footnotes":""},"categories":[3],"tags":[],"class_list":["post-15","post","type-post","status-publish","format-standard","hentry","category-heimatgeschichte"],"_links":{"self":[{"href":"http:\/\/www.westerwaldverein-daaden.de\/blog\/wp-json\/wp\/v2\/posts\/15","targetHints":{"allow":["GET"]}}],"collection":[{"href":"http:\/\/www.westerwaldverein-daaden.de\/blog\/wp-json\/wp\/v2\/posts"}],"about":[{"href":"http:\/\/www.westerwaldverein-daaden.de\/blog\/wp-json\/wp\/v2\/types\/post"}],"author":[{"embeddable":true,"href":"http:\/\/www.westerwaldverein-daaden.de\/blog\/wp-json\/wp\/v2\/users\/2"}],"replies":[{"embeddable":true,"href":"http:\/\/www.westerwaldverein-daaden.de\/blog\/wp-json\/wp\/v2\/comments?post=15"}],"version-history":[{"count":0,"href":"http:\/\/www.westerwaldverein-daaden.de\/blog\/wp-json\/wp\/v2\/posts\/15\/revisions"}],"wp:attachment":[{"href":"http:\/\/www.westerwaldverein-daaden.de\/blog\/wp-json\/wp\/v2\/media?parent=15"}],"wp:term":[{"taxonomy":"category","embeddable":true,"href":"http:\/\/www.westerwaldverein-daaden.de\/blog\/wp-json\/wp\/v2\/categories?post=15"},{"taxonomy":"post_tag","embeddable":true,"href":"http:\/\/www.westerwaldverein-daaden.de\/blog\/wp-json\/wp\/v2\/tags?post=15"}],"curies":[{"name":"wp","href":"https:\/\/api.w.org\/{rel}","templated":true}]}}