{"id":152,"date":"2007-08-16T08:30:28","date_gmt":"2007-08-16T07:30:28","guid":{"rendered":"http:\/\/www.westerwaldverein-daaden.de\/blog\/2007\/08\/16\/viele-besucher-beim-waldgottesdienst-%e2%80%9eauf-der-rodenbach%e2%80%9c\/"},"modified":"2007-08-16T08:55:18","modified_gmt":"2007-08-16T07:55:18","slug":"viele-besucher-beim-waldgottesdienst-2007","status":"publish","type":"post","link":"http:\/\/www.westerwaldverein-daaden.de\/blog\/2007\/08\/16\/viele-besucher-beim-waldgottesdienst-2007\/","title":{"rendered":"Viele Besucher beim Waldgottesdienst und Familientag \u201eAuf der Rodenbach\u201c"},"content":{"rendered":"<p>Das war wieder ein gelungener und sch\u00f6ner Tag f\u00fcr die Besucher an der Westerwaldh\u00fctte des Westerwald-Vereins Daaden. Wie schon in den letzten 2 Jahren hatten die Daadener Heimatfreunde den j\u00e4hrlichen Familientag am 12.08.2007 mit einem Waldgottesdienst verbunden.<\/p>\n<p>Selbst der Wettergott hatte p\u00fcnktlich sch\u00f6nes Wetter geschickt und so machten sich am Sonntag wieder viele Wanderinnen und Wanderer auf den Weg zur Westerwaldh\u00fctte \u201eAuf der Rodenbach\u201c. Zum gemeinsamen Waldgottesdienst der evangelischen Kirchengemeinde Daaden und des Westerwald-Vereins Daaden hatten sich immerhin mehr als 180 Menschen versammelt, die in Gottes freier Natur Gottesdienst feiern wollten.<\/p>\n<p>Gemeindereferendarin Barbara Pottmann hielt die Predigt und war vom Besuch und der begleitenden Ausgestaltung des Gottesdienstes sehr angetan, sodass sie schon f\u00fcr das n\u00e4chste Jahr ihr Wiederkommen angek\u00fcndigt hat. <\/p>\n<p><!--more--><\/p>\n<p align=\"center\"><img decoding=\"async\" src=\"http:\/\/www.westerwaldverein-daaden.de\/blog\/wp-content\/WWV_WGD2007_1.jpg\" alt=\"WGD2007\" \/><br \/><small>Frau Pottmann bei der Predigt<\/small><\/p>\n<p>Eine elfk\u00f6pfige Bl\u00e4sergruppe und der Daadener Gemischte Chor, verst\u00e4rkt durch Weitefelder S\u00e4ngerinnen und S\u00e4nger gaben den feierlichen Rahmen. Sie sorgten auch daf\u00fcr, dass sich eine fast besinnliche Stimmung im Fichtenwald breit machte.<\/p>\n<p align=\"center\"><img decoding=\"async\" src=\"http:\/\/www.westerwaldverein-daaden.de\/blog\/wp-content\/WWV_WGD2007_2.jpg\" alt=\"WGD2007\" \/><br \/><small>Bl\u00e4sergruppe<\/small><\/p>\n<p align=\"center\"><img decoding=\"async\" src=\"http:\/\/www.westerwaldverein-daaden.de\/blog\/wp-content\/WWV_WGD2007_3.jpg\" alt=\"WGD2007\" \/><br \/><small>Gemischter Chor Daaden<\/small><\/p>\n<p>WWV-Vorsitzender Gisbert Weber hatte zuvor schon allen Mitwirkenden gedankt und die Besucher zum anschlie\u00dfenden Familientag des WWV-Daaden eingeladen. Es waren dann auch mehr als 90 Leute, die sich mittags eine leckere Gem\u00fcsesuppe mit Wurst munden lie\u00dfen.<\/p>\n<p align=\"center\"><img decoding=\"async\" src=\"http:\/\/www.westerwaldverein-daaden.de\/blog\/wp-content\/WWV_WGD2007_4.jpg\" alt=\"WGD2007\" \/><br \/><small>Suppenausgabe<\/small><\/p>\n<p>Mittags trafen dann die Wanderfreunde vom Zweigverein Herdorf an der H\u00fctte ein. Es verbreitete sich eine gute Stimmung unter allen Anwesenden. F\u00fcr Getr\u00e4nke, Kaffee und Kuchen war ja bestens gesorgt. Bei und netten Gespr\u00e4chen und viel Spa\u00df verging die Zeit wie im Fluge. Manche aber nutzten auch die Gelegenheit, um einen kleinen Verdauungsspaziergang zwischendurch zu machen. <\/p>\n<p align=\"center\"><img decoding=\"async\" src=\"http:\/\/www.westerwaldverein-daaden.de\/blog\/wp-content\/WWV_WGD2007_5.jpg\" alt=\"WGD2007\" \/><br \/><small>Gute Stimmung beim Familientag<\/small><\/p>\n<p align=\"center\"><img decoding=\"async\" src=\"http:\/\/www.westerwaldverein-daaden.de\/blog\/wp-content\/WWV_WGD2007_6.jpg\" alt=\"WGD2007\" \/><br \/><small>Dieter bereitet zum Waffelnbacken vor<\/small><\/p>\n<p>Als dann noch Dieter Jung seinen Waffelofen in Betrieb setzte, waren alle zufrieden, denn wie gut die Waffeln schmeckten, das wusste man noch aus dem vorigen Jahr. Es war wieder eine rundum gelungene Sache, die im n\u00e4chsten Jahr wieder eingeplant werden sollte, so die einhellige Meinung.<\/p>\n<p align=\"center\"><img decoding=\"async\" src=\"http:\/\/www.westerwaldverein-daaden.de\/blog\/wp-content\/wwv_waldgottesdienst_2007_info.jpg\" alt=\"Waldgottesdienst und Familientag 2007\" \/><br \/><small>Einladungsplakat<\/small><\/p>\n","protected":false},"excerpt":{"rendered":"<p>Das war wieder ein gelungener und sch\u00f6ner Tag f\u00fcr die Besucher an der Westerwaldh\u00fctte des Westerwald-Vereins Daaden. Wie schon in den letzten 2 Jahren hatten die Daadener Heimatfreunde den j\u00e4hrlichen Familientag am 12.08.2007 mit einem Waldgottesdienst verbunden. Selbst der Wettergott hatte p\u00fcnktlich sch\u00f6nes Wetter geschickt und so machten sich am Sonntag wieder viele Wanderinnen und [&hellip;]<\/p>\n","protected":false},"author":2,"featured_media":0,"comment_status":"closed","ping_status":"closed","sticky":false,"template":"","format":"standard","meta":{"footnotes":""},"categories":[1],"tags":[],"class_list":["post-152","post","type-post","status-publish","format-standard","hentry","category-allgemein"],"_links":{"self":[{"href":"http:\/\/www.westerwaldverein-daaden.de\/blog\/wp-json\/wp\/v2\/posts\/152","targetHints":{"allow":["GET"]}}],"collection":[{"href":"http:\/\/www.westerwaldverein-daaden.de\/blog\/wp-json\/wp\/v2\/posts"}],"about":[{"href":"http:\/\/www.westerwaldverein-daaden.de\/blog\/wp-json\/wp\/v2\/types\/post"}],"author":[{"embeddable":true,"href":"http:\/\/www.westerwaldverein-daaden.de\/blog\/wp-json\/wp\/v2\/users\/2"}],"replies":[{"embeddable":true,"href":"http:\/\/www.westerwaldverein-daaden.de\/blog\/wp-json\/wp\/v2\/comments?post=152"}],"version-history":[{"count":0,"href":"http:\/\/www.westerwaldverein-daaden.de\/blog\/wp-json\/wp\/v2\/posts\/152\/revisions"}],"wp:attachment":[{"href":"http:\/\/www.westerwaldverein-daaden.de\/blog\/wp-json\/wp\/v2\/media?parent=152"}],"wp:term":[{"taxonomy":"category","embeddable":true,"href":"http:\/\/www.westerwaldverein-daaden.de\/blog\/wp-json\/wp\/v2\/categories?post=152"},{"taxonomy":"post_tag","embeddable":true,"href":"http:\/\/www.westerwaldverein-daaden.de\/blog\/wp-json\/wp\/v2\/tags?post=152"}],"curies":[{"name":"wp","href":"https:\/\/api.w.org\/{rel}","templated":true}]}}