{"id":1526,"date":"2012-03-13T17:35:07","date_gmt":"2012-03-13T16:35:07","guid":{"rendered":"http:\/\/www.westerwaldverein-daaden.de\/blog\/?p=1526"},"modified":"2012-03-14T08:49:49","modified_gmt":"2012-03-14T07:49:49","slug":"erste-hilfe-kurs-fuer-wanderfuehrer","status":"publish","type":"post","link":"http:\/\/www.westerwaldverein-daaden.de\/blog\/2012\/03\/13\/erste-hilfe-kurs-fuer-wanderfuehrer\/","title":{"rendered":"Erste Hilfe Kurs f\u00fcr Wanderf\u00fchrer"},"content":{"rendered":"<p><strong>Der Westerwald-Verein Daaden l\u00e4sst seine Wanderf\u00fchrer in &#8222;Erster Hilfe&#8220; schulen<\/strong><\/p>\n<p>Bisher gab es zwar kaum einen Anlass, dass die Wanderinnen und Wanderer bei den zahlreichen Wanderungen des Westerwald-Vereins Daaden in den vergangenen Jahren  \u201eErste Hilfe &#8211; Ma\u00dfnahmen\u201c in Anspruch h\u00e4tte nehmen mussten. Ein Zeichen daf\u00fcr, wie umsichtig die Wanderer waren, wie sorgf\u00e4ltig Wanderstrecken ausgesucht und die Wanderungen gef\u00fchrt werden. <\/p>\n<p><!--more-->Trotzdem war es dem Vorstand des Westerwald-Vereins Daaden schon lange ein Anliegen, seine vielen  Wanderf\u00fchrer  in Erster Hilfe schulen zu lassen, damit sie ger\u00fcstet sind f\u00fcr eventuelle Unfallereignisse, die beim Wandern trotz aller Umsicht auftreten k\u00f6nnen. Bis auf wenige, die verhindert waren, nahmen deshalb auch fast alle aktiven Wanderf\u00fchrer das Angebot an.<\/p>\n<div class=\"center\"><img loading=\"lazy\" decoding=\"async\" src=\"http:\/\/www.westerwaldverein-daaden.de\/blog\/wp-content\/uploads\/2012\/03\/erste_hilfe_2012.jpg\" alt=\"\" title=\"erste_hilfe_2012\" width=\"400\" height=\"300\" class=\"alignnone size-full wp-image-1527\" \/><\/div>\n<p>So konnten dann an einem Wochenende im M\u00e4rz dieses Jahres 14&nbsp;Wanderf\u00fchrer ihre Kenntnisse bei einem Kurs in Erster Hilfe in 8&nbsp;Doppelstunden auffrischen. F\u00fcr die umfangreiche Ausbildung theoretischer Art  mit zahlreichen praktischen \u00dcbungen in Erster Hilfe zeichnete Stefan Haubrich, der seit vielen Jahren als DRK Rettungshelfer und Ausbilder t\u00e4tig ist, verantwortlich. Er konnte im DRK- Heim in der Lamprechtstra\u00dfe in Daaden den Teilnehmern sehr praxisnah an Hand von vielen Beispielen vermitteln, was Ersthelfer tun m\u00fcssen, wie sie bei einem Unfall oder einer sonstigen menschlichen Attacke vorgehen sollten und wie der Notruf (z.B. die 5 W`s) richtig abgesetzt wird. <\/p>\n<p><strong><\/p>\n<ul>\n<li>Wo ist es passiert?\n<\/li>\n<li>Was ist passiert?\n<\/li>\n<li>Wie viele Betroffene sind es?\n<\/li>\n<li>Welche Verletzungen?\n<\/li>\n<li>Warten auf R\u00fcckfragen!\n<\/li>\n<\/ul>\n<p>Wichtige Hinweise, die der Wanderf\u00fchrer geben sollte!<\/strong><\/p>\n<p>Nat\u00fcrlich geh\u00f6rten zur Schulung auch die praktische Durchf\u00fchrung einer \u201eStabilen Seitenlage\u201c sowie Ma\u00dfnahmen zu einer wirksamen Wiederbelebung nach den neuesten Erkenntnissen.<\/p>\n<p>\u201eDieser Lehrgang mit der Ausbildung in Erster Hilfe war sinnvoll und hat viele neue Erkenntnisse   auch f\u00fcr die Verwendung im Alltag gebracht\u201c, war die einhellige Meinung  der Teilnehmer. So lagen Erste Hilfe Kurse bei einigen schon Jahrzehnte zur\u00fcck oder man hatte einen Lehrgang als Ersthelfer \u00fcberhaupt noch nicht gemacht. Jetzt h\u00e4lt jeder seine Teilnahmebescheinigung des DRK als Nachweis f\u00fcr die Unterweisung in lebensrettenden Sofortma\u00dfnahmen in H\u00e4nden.<\/p>\n<p>Sch\u00f6n w\u00e4re es nat\u00fcrlich, wenn der Ernstfall nicht eintreten w\u00fcrde und alle von Unfall- und Notf\u00e4llen verschont blieben. Wichtig ist aber, dass man auf derartige F\u00e4lle gut  vorbereitet ist und somit erste richtige und wichtige Schritte einleiten kann.<\/p>\n","protected":false},"excerpt":{"rendered":"<p>Der Westerwald-Verein Daaden l\u00e4sst seine Wanderf\u00fchrer in &#8222;Erster Hilfe&#8220; schulen Bisher gab es zwar kaum einen Anlass, dass die Wanderinnen und Wanderer bei den zahlreichen Wanderungen des Westerwald-Vereins Daaden in den vergangenen Jahren \u201eErste Hilfe &#8211; Ma\u00dfnahmen\u201c in Anspruch h\u00e4tte nehmen mussten. Ein Zeichen daf\u00fcr, wie umsichtig die Wanderer waren, wie sorgf\u00e4ltig Wanderstrecken ausgesucht und [&hellip;]<\/p>\n","protected":false},"author":2,"featured_media":0,"comment_status":"closed","ping_status":"closed","sticky":false,"template":"","format":"standard","meta":{"footnotes":""},"categories":[1],"tags":[],"class_list":["post-1526","post","type-post","status-publish","format-standard","hentry","category-allgemein"],"_links":{"self":[{"href":"http:\/\/www.westerwaldverein-daaden.de\/blog\/wp-json\/wp\/v2\/posts\/1526","targetHints":{"allow":["GET"]}}],"collection":[{"href":"http:\/\/www.westerwaldverein-daaden.de\/blog\/wp-json\/wp\/v2\/posts"}],"about":[{"href":"http:\/\/www.westerwaldverein-daaden.de\/blog\/wp-json\/wp\/v2\/types\/post"}],"author":[{"embeddable":true,"href":"http:\/\/www.westerwaldverein-daaden.de\/blog\/wp-json\/wp\/v2\/users\/2"}],"replies":[{"embeddable":true,"href":"http:\/\/www.westerwaldverein-daaden.de\/blog\/wp-json\/wp\/v2\/comments?post=1526"}],"version-history":[{"count":2,"href":"http:\/\/www.westerwaldverein-daaden.de\/blog\/wp-json\/wp\/v2\/posts\/1526\/revisions"}],"predecessor-version":[{"id":1545,"href":"http:\/\/www.westerwaldverein-daaden.de\/blog\/wp-json\/wp\/v2\/posts\/1526\/revisions\/1545"}],"wp:attachment":[{"href":"http:\/\/www.westerwaldverein-daaden.de\/blog\/wp-json\/wp\/v2\/media?parent=1526"}],"wp:term":[{"taxonomy":"category","embeddable":true,"href":"http:\/\/www.westerwaldverein-daaden.de\/blog\/wp-json\/wp\/v2\/categories?post=1526"},{"taxonomy":"post_tag","embeddable":true,"href":"http:\/\/www.westerwaldverein-daaden.de\/blog\/wp-json\/wp\/v2\/tags?post=1526"}],"curies":[{"name":"wp","href":"https:\/\/api.w.org\/{rel}","templated":true}]}}