{"id":154,"date":"2007-08-28T19:30:57","date_gmt":"2007-08-28T18:30:57","guid":{"rendered":"http:\/\/www.westerwaldverein-daaden.de\/blog\/2007\/08\/28\/wanderung-auf-dem-rheinsteig\/"},"modified":"2007-08-28T19:58:19","modified_gmt":"2007-08-28T18:58:19","slug":"wanderung-auf-dem-rheinsteig","status":"publish","type":"post","link":"http:\/\/www.westerwaldverein-daaden.de\/blog\/2007\/08\/28\/wanderung-auf-dem-rheinsteig\/","title":{"rendered":"Wanderung auf dem Rheinsteig"},"content":{"rendered":"<p><strong>WWV Daaden und Neuwied wandern gemeinsam<\/strong> <small>(26.08.2007)<\/small><\/p>\n<p>Es ist schon zu einer Tradition geworden, gemeinsame Wanderungen durchzuf\u00fchren. Diesmal war es eine weitere Etappe auf dem Rheinsteig, die die Daadener Wanderfreunde gemeinsam mit den Wanderer des ZV Neuwied unter ihre Wanderschuhe nehmen konnten. <\/p>\n<p><!--more--><\/p>\n<p align=\"center\"><img decoding=\"async\" src=\"http:\/\/www.westerwaldverein-daaden.de\/blog\/wp-content\/WWV_RS2007_1.jpg\" alt=\"Rheinsteig 2007\" \/><br \/><small>Wanderer aus Neuwied und Daaden am Startpunkt<\/small><\/p>\n<p>Immerhin waren 40 Wanderer aus Daaden und 12 aus Neuwied, die sich bei sch\u00f6nstem Wetter auf die Strecke von Lorch bis nach Assmannshausen gemacht hatten. Weitere 15 Leute aus der Daadener Reisegruppe fuhren unter F\u00fchrung von Peter Reusch zum Niederwalddenkmal in R\u00fcdesheim. Nach der Besichtigung des Denkmals mit der Germania, wanderten auch sie auf einer k\u00fcrzeren Strecke von dort zum gemeinsamen Treffpunkt in Assmannshausen.<\/p>\n<p>Die Route auf dem Rheinsteig f\u00fchrte durch den Ortskern von Lorch hoch in die Weinberge mit einem ersten herrlichem Blick \u00fcber Lorch bis nach Bacherach. <\/p>\n<p align=\"center\"><img decoding=\"async\" src=\"http:\/\/www.westerwaldverein-daaden.de\/blog\/wp-content\/WWV_RS2007_2.jpg\" alt=\"Rheinsteig 2007\" \/><br \/><small>Blick \u00fcber Lorch<\/small><\/p>\n<p align=\"center\"><img decoding=\"async\" src=\"http:\/\/www.westerwaldverein-daaden.de\/blog\/wp-content\/WWV_RS2007_3.jpg\" alt=\"Rheinsteig 2007\" \/><br \/><small>Wanderf\u00fchrer Walter Lenz und Klaus Maschlinski<\/small><\/p>\n<p>Wanderf\u00fchrer Walter Lenz hatte mit dem Vorsitzenden des WWV Neuwied diese sch\u00f6ne Wanderung auf dem Rheinsteig geplant und organisiert. Eine Tour mit mittlerem Schwierigkeitsgrad, d.h. es waren zirka 16 Kilometer bei insgesamt \u00fcber 750 H\u00f6henmeter zu bew\u00e4ltigen. Alle waren aber begeistert und voll des Lobes \u00fcber die vielen herrlichen Ausblicke auf den Rhein und bis weit zum Hunsr\u00fcck hin\u00fcber. <\/p>\n<p align=\"center\"><img decoding=\"async\" src=\"http:\/\/www.westerwaldverein-daaden.de\/blog\/wp-content\/WWV_RS2007_4.jpg\" alt=\"Rheinsteig 2007\" \/><br \/><small>Blick zum Rhein<\/small><\/p>\n<p align=\"center\"><img decoding=\"async\" src=\"http:\/\/www.westerwaldverein-daaden.de\/blog\/wp-content\/WWV_RS2007_5.jpg\" alt=\"Rheinsteig 2007\" \/><br \/><small>Gruppenbild \u00fcber Assmannshausen<\/small><\/p>\n<p>Bei der gemeinsamen Schlussrast in einem Weinlokal im \u201eSp\u00e4tburgunder Weinort Assmannshausen\u201c kamen dann bei einem Kaffee oder Gl\u00e4schen Wein auch die Gespr\u00e4che unter Wanderfreunden nicht zu kurz. <\/p>\n","protected":false},"excerpt":{"rendered":"<p>WWV Daaden und Neuwied wandern gemeinsam (26.08.2007) Es ist schon zu einer Tradition geworden, gemeinsame Wanderungen durchzuf\u00fchren. Diesmal war es eine weitere Etappe auf dem Rheinsteig, die die Daadener Wanderfreunde gemeinsam mit den Wanderer des ZV Neuwied unter ihre Wanderschuhe nehmen konnten.<\/p>\n","protected":false},"author":2,"featured_media":0,"comment_status":"closed","ping_status":"closed","sticky":false,"template":"","format":"standard","meta":{"footnotes":""},"categories":[5],"tags":[],"class_list":["post-154","post","type-post","status-publish","format-standard","hentry","category-wanderungen"],"_links":{"self":[{"href":"http:\/\/www.westerwaldverein-daaden.de\/blog\/wp-json\/wp\/v2\/posts\/154","targetHints":{"allow":["GET"]}}],"collection":[{"href":"http:\/\/www.westerwaldverein-daaden.de\/blog\/wp-json\/wp\/v2\/posts"}],"about":[{"href":"http:\/\/www.westerwaldverein-daaden.de\/blog\/wp-json\/wp\/v2\/types\/post"}],"author":[{"embeddable":true,"href":"http:\/\/www.westerwaldverein-daaden.de\/blog\/wp-json\/wp\/v2\/users\/2"}],"replies":[{"embeddable":true,"href":"http:\/\/www.westerwaldverein-daaden.de\/blog\/wp-json\/wp\/v2\/comments?post=154"}],"version-history":[{"count":0,"href":"http:\/\/www.westerwaldverein-daaden.de\/blog\/wp-json\/wp\/v2\/posts\/154\/revisions"}],"wp:attachment":[{"href":"http:\/\/www.westerwaldverein-daaden.de\/blog\/wp-json\/wp\/v2\/media?parent=154"}],"wp:term":[{"taxonomy":"category","embeddable":true,"href":"http:\/\/www.westerwaldverein-daaden.de\/blog\/wp-json\/wp\/v2\/categories?post=154"},{"taxonomy":"post_tag","embeddable":true,"href":"http:\/\/www.westerwaldverein-daaden.de\/blog\/wp-json\/wp\/v2\/tags?post=154"}],"curies":[{"name":"wp","href":"https:\/\/api.w.org\/{rel}","templated":true}]}}