{"id":1552,"date":"2012-04-11T08:09:52","date_gmt":"2012-04-11T07:09:52","guid":{"rendered":"http:\/\/www.westerwaldverein-daaden.de\/blog\/?p=1552"},"modified":"2012-04-11T08:11:16","modified_gmt":"2012-04-11T07:11:16","slug":"westerwald-verein-daaden-besucht-fliegerhorst-buchel","status":"publish","type":"post","link":"http:\/\/www.westerwaldverein-daaden.de\/blog\/2012\/04\/11\/westerwald-verein-daaden-besucht-fliegerhorst-buchel\/","title":{"rendered":"Westerwald Verein Daaden besucht Fliegerhorst B\u00fcchel"},"content":{"rendered":"<p>Viele interessante Eindr\u00fccke konnten die mehr als 30 Wanderfreunde von ihrem Ausflug in die Eifel mitnehmen. Die Bundeswehr bildet hier im Fliegerhorst B\u00fcchel im Rahmen der Nato Bomberpiloten aus. Begleitet wurde die Gruppe vom Oberstleutnant der Reserve, Hans Bloch aus Herdorf, der schon im Vorjahr Herdorfer Wanderfreunde nach B\u00fcchel eingeladen hatte. <\/p>\n<p><!--more--><\/p>\n<div class=\"center\"><img loading=\"lazy\" decoding=\"async\" src=\"http:\/\/www.westerwaldverein-daaden.de\/blog\/wp-content\/uploads\/2012\/04\/buechel_2012_1.jpg\" alt=\"\" title=\"buechel_2012_1\" width=\"400\" height=\"267\" class=\"alignnone size-full wp-image-1554\" \/><\/div>\n<p>Auf dem Fliegerhorst B\u00fcchel, dem Standort des Jagdbomber&shy;geschwader 33, gab es viel zu sehen und Interessantes \u00fcber D\u00fcsenjets zu erfahren. In B\u00fcchel ist mit rund 1.500 Soldaten eines der gr\u00f6\u00dften Kampfgeschwader der Bundeswehr stationiert und somit f\u00fcr zahlreiche Zivilbesch\u00e4ftigte der Region auch ein wichtiger Arbeitgeber.<\/p>\n<p>Nach einer theoretischen Einf\u00fchrung, konnten die Wanderer in Begleitung von Hauptmann Liebenthal direkt an der Startbahn den Start von 3 Tornados beobachten, bevor es in die Werkst\u00e4tten ging.<br \/>\nHier wurde die umfassende Pilotenausr\u00fcstung und was besonders interessant war, auch der  Schleudersitzes in seiner komplizierten Funktion vorgestellt. In der Wartungs- und Reparaturhalle konnten sich dann alle hautnah am Tornado einen Eindruck \u00fcber Technik und Funktion der Flugzeuge machen.<\/p>\n<p>Nach einem guten Mittagessen in der Kantine wurde dann der eigentliche Zweck eines Kampfgeschwader deutlich gemacht und die Wanderer konnten die vielen Waffensysteme, womit die Bomber best\u00fcckt werden, in kritischen  Augenschein nehmen. Hier wurde deutlich, dass man sicher auf den Ernstfall vorbereitet sein sollte, dass aber hoffentlich diese Waffen niemals zum Einsatz kommen. <\/p>\n<div class=\"center\"><img loading=\"lazy\" decoding=\"async\" src=\"http:\/\/www.westerwaldverein-daaden.de\/blog\/wp-content\/uploads\/2012\/04\/buechel_2012_2.jpg\" alt=\"\" title=\"buechel_2012_2\" width=\"400\" height=\"267\" class=\"alignnone size-full wp-image-1555\" \/><\/div>\n<p><\/p>\n<div class=\"center\"><img loading=\"lazy\" decoding=\"async\" src=\"http:\/\/www.westerwaldverein-daaden.de\/blog\/wp-content\/uploads\/2012\/04\/buechel_2012_3.jpg\" alt=\"\" title=\"buechel_2012_3\" width=\"400\" height=\"267\" class=\"alignnone size-full wp-image-1556\" \/><\/div>\n<p>Am Standort der drei alten au\u00dfer Dienst gestellten D\u00fcsenjets \u00fcberreichte Walter Lenz den Soldaten vom Fliegerhorst B\u00fcchel den Wappenteller der Verbandsgemeinde Daaden und so ging ein interessanter Besuch bei einer Fliegereinheit zu Ende.<\/p>\n","protected":false},"excerpt":{"rendered":"<p>Viele interessante Eindr\u00fccke konnten die mehr als 30 Wanderfreunde von ihrem Ausflug in die Eifel mitnehmen. Die Bundeswehr bildet hier im Fliegerhorst B\u00fcchel im Rahmen der Nato Bomberpiloten aus. Begleitet wurde die Gruppe vom Oberstleutnant der Reserve, Hans Bloch aus Herdorf, der schon im Vorjahr Herdorfer Wanderfreunde nach B\u00fcchel eingeladen hatte.<\/p>\n","protected":false},"author":2,"featured_media":0,"comment_status":"closed","ping_status":"closed","sticky":false,"template":"","format":"standard","meta":{"footnotes":""},"categories":[5],"tags":[],"class_list":["post-1552","post","type-post","status-publish","format-standard","hentry","category-wanderungen"],"_links":{"self":[{"href":"http:\/\/www.westerwaldverein-daaden.de\/blog\/wp-json\/wp\/v2\/posts\/1552","targetHints":{"allow":["GET"]}}],"collection":[{"href":"http:\/\/www.westerwaldverein-daaden.de\/blog\/wp-json\/wp\/v2\/posts"}],"about":[{"href":"http:\/\/www.westerwaldverein-daaden.de\/blog\/wp-json\/wp\/v2\/types\/post"}],"author":[{"embeddable":true,"href":"http:\/\/www.westerwaldverein-daaden.de\/blog\/wp-json\/wp\/v2\/users\/2"}],"replies":[{"embeddable":true,"href":"http:\/\/www.westerwaldverein-daaden.de\/blog\/wp-json\/wp\/v2\/comments?post=1552"}],"version-history":[{"count":2,"href":"http:\/\/www.westerwaldverein-daaden.de\/blog\/wp-json\/wp\/v2\/posts\/1552\/revisions"}],"predecessor-version":[{"id":1559,"href":"http:\/\/www.westerwaldverein-daaden.de\/blog\/wp-json\/wp\/v2\/posts\/1552\/revisions\/1559"}],"wp:attachment":[{"href":"http:\/\/www.westerwaldverein-daaden.de\/blog\/wp-json\/wp\/v2\/media?parent=1552"}],"wp:term":[{"taxonomy":"category","embeddable":true,"href":"http:\/\/www.westerwaldverein-daaden.de\/blog\/wp-json\/wp\/v2\/categories?post=1552"},{"taxonomy":"post_tag","embeddable":true,"href":"http:\/\/www.westerwaldverein-daaden.de\/blog\/wp-json\/wp\/v2\/tags?post=1552"}],"curies":[{"name":"wp","href":"https:\/\/api.w.org\/{rel}","templated":true}]}}