{"id":156,"date":"2007-09-18T14:30:46","date_gmt":"2007-09-18T13:30:46","guid":{"rendered":"http:\/\/www.westerwaldverein-daaden.de\/blog\/2007\/09\/18\/wanderreise-nach-teneriffa-in-2008\/"},"modified":"2008-05-09T08:36:38","modified_gmt":"2008-05-09T07:36:38","slug":"wanderreise-nach-teneriffa-in-2008","status":"publish","type":"post","link":"http:\/\/www.westerwaldverein-daaden.de\/blog\/2007\/09\/18\/wanderreise-nach-teneriffa-in-2008\/","title":{"rendered":"Wanderreise nach Teneriffa im Fr\u00fchjahr 2008"},"content":{"rendered":"<p>Der Westerwald-Verein Daaden plant f\u00fcr das n\u00e4chste Jahr eine Wanderreise nach Teneriffa.<\/p>\n<p><strong>Termin: 02. bis 09. M\u00e4rz 2008<\/strong><\/p>\n<p><!--more--><\/p>\n<div class=\"showout\"><strong>Programm:<\/strong> <\/p>\n<p><strong>1. Tag:<\/strong><br \/>\nAnfahrt zum Flughafen Frankfurt, Flug nach Teneriffa, Fahrt zum Hotel nach Puerto de la Cruz, Zimmerverteilung.<\/p>\n<p><strong>2. Tag:<\/strong><br \/>\nWanderung zu den beiden <strong>Galas<\/strong>,  GZ 4-5 Std. H\u00f6henunterschied  (HU) zirka 400 Meter<\/p>\n<p><strong>3. Tag:<\/strong><br \/>\nWanderung zum <strong>Anaga Gebirge<\/strong>, GZ zirka 6 Std., HU zirka 900 Meter<\/p>\n<p><strong>4. Tag:<\/strong><br \/>\nZur freien Verf\u00fcgung<\/p>\n<p><strong>5. Tag:<\/strong><br \/>\n<strong>Teno-Gebirge<\/strong> (Teno Alto), Fahrt zum Nationalpark de Teide, GZ zirka 4,5 Std., HU zirka 350 Meter <\/p>\n<p><strong>6. Tag:<\/strong><br \/>\nWanderidyll <strong>Orotavatal<\/strong>, Wandern auf Pilgerpfaden und Hirtensteigen. GZ zirka 5 Std., HU zirka 500 Meter<\/p>\n<p><strong>7. Tag:<\/strong><br \/>\n<strong>Masca-Schlucht<\/strong>, entlang der Klippen von \u201eLos Gigantes\u201c GZ zirka 5 Std., HU zirka 600 Meter<\/p>\n<p><strong>8. Tag:<\/strong><br \/>\nAbreise und Heimfahrt\n<\/div>\n<p>Kompl. Angebot ab Daaden incl. Transfers, Flug , Flughafengeb\u00fchr, 7 \u00dcbernachtungen in einem Mittelklasse Hotel in Puerto de la Cruz mit HP und den 5 gef\u00fchrten Wanderungen mit dem uns allen bekannten Wanderf\u00fchrer Kurt Maier.<\/p>\n<p><strong>Veranstalter:<\/strong> Reiseb\u00fcro Astl, 83076 Oberaudorf<\/p>\n<p>Anmeldung und weitere Infos \u00fcber Preis und Programm bei Walter Lenz (Tel. 02743\/6882)<\/p>\n","protected":false},"excerpt":{"rendered":"<p>Der Westerwald-Verein Daaden plant f\u00fcr das n\u00e4chste Jahr eine Wanderreise nach Teneriffa. Termin: 02. bis 09. M\u00e4rz 2008<\/p>\n","protected":false},"author":2,"featured_media":0,"comment_status":"closed","ping_status":"closed","sticky":false,"template":"","format":"standard","meta":{"footnotes":""},"categories":[1],"tags":[],"class_list":["post-156","post","type-post","status-publish","format-standard","hentry","category-allgemein"],"_links":{"self":[{"href":"http:\/\/www.westerwaldverein-daaden.de\/blog\/wp-json\/wp\/v2\/posts\/156","targetHints":{"allow":["GET"]}}],"collection":[{"href":"http:\/\/www.westerwaldverein-daaden.de\/blog\/wp-json\/wp\/v2\/posts"}],"about":[{"href":"http:\/\/www.westerwaldverein-daaden.de\/blog\/wp-json\/wp\/v2\/types\/post"}],"author":[{"embeddable":true,"href":"http:\/\/www.westerwaldverein-daaden.de\/blog\/wp-json\/wp\/v2\/users\/2"}],"replies":[{"embeddable":true,"href":"http:\/\/www.westerwaldverein-daaden.de\/blog\/wp-json\/wp\/v2\/comments?post=156"}],"version-history":[{"count":0,"href":"http:\/\/www.westerwaldverein-daaden.de\/blog\/wp-json\/wp\/v2\/posts\/156\/revisions"}],"wp:attachment":[{"href":"http:\/\/www.westerwaldverein-daaden.de\/blog\/wp-json\/wp\/v2\/media?parent=156"}],"wp:term":[{"taxonomy":"category","embeddable":true,"href":"http:\/\/www.westerwaldverein-daaden.de\/blog\/wp-json\/wp\/v2\/categories?post=156"},{"taxonomy":"post_tag","embeddable":true,"href":"http:\/\/www.westerwaldverein-daaden.de\/blog\/wp-json\/wp\/v2\/tags?post=156"}],"curies":[{"name":"wp","href":"https:\/\/api.w.org\/{rel}","templated":true}]}}