{"id":158,"date":"2007-11-13T15:00:54","date_gmt":"2007-11-13T14:00:54","guid":{"rendered":"http:\/\/www.westerwaldverein-daaden.de\/blog\/2007\/10\/12\/diavortrag-der-bodensee\/"},"modified":"2007-11-13T18:43:51","modified_gmt":"2007-11-13T17:43:51","slug":"diavortrag-der-bodensee","status":"publish","type":"post","link":"http:\/\/www.westerwaldverein-daaden.de\/blog\/2007\/11\/13\/diavortrag-der-bodensee\/","title":{"rendered":"Diavortrag &raquo;Der Bodensee und Umgebung&laquo;"},"content":{"rendered":"<p>Wie in jedem Jahr veranstaltete der Westerwald-Verein Daaden auch diesmal im November einen Dia-Abend im B\u00fcrgerhaus. Unter dem Motto \u201eDer Bodensee, ein Ferienparadies zwischen Apfelplantagen, Bergwelt und Kultur\u201c zeigte Matthias Hess wundersch\u00f6ne Bilder aus dem Dreil\u00e4ndereck Deutschland, \u00d6sterreich und der Schweiz. Beginnend mit einem sch\u00f6nen Blick vom Pf\u00e4nder \u00fcber den ganzen Bodensee ging die Bilderreise zun\u00e4chst nach Bregenz, weiter \u00fcber Lindau, Wasserburg und Kressbronn bis Friedrichshafen.<\/p>\n<p><!--more--><\/p>\n<p align=\"center\"><img decoding=\"async\" src=\"http:\/\/www.westerwaldverein-daaden.de\/blog\/wp-content\/wwv_dia_2007_2.jpg\" alt=\"Wasserburg\" \/><br \/><small>Wasserburg<\/small><\/p>\n<p>Ein Abstecher von Rorschach in die Schweizer Berge durch das Appenzeller Land bis hoch zum S\u00e4ntis brachte lohnende Panoramablicke, wenn auch der Nebel eine Sicht bis \u00fcber das \u201eSchw\u00e4bische Meer\u201c scheinbar auf dieser Wanderung nicht zulie\u00df.<\/p>\n<p align=\"center\"><img decoding=\"async\" src=\"http:\/\/www.westerwaldverein-daaden.de\/blog\/wp-content\/wwv_dia_2007_1.jpg\" alt=\"Pfahlbauten\" \/><br \/><small>Pfahlbauten<\/small><\/p>\n<p>Weitere Stationen waren Lichtenstein, St. Gallen, Konstanz und Mersburg, von wo es dann mit der F\u00e4hre zur Insel Mainau ging. Leider waren es nur wenig mehr als 40 Personen, die an diesem Abend gekommen waren. Aber diese waren alle von dem sch\u00f6nen Diavortrag sehr angetan und fast jeder der Besucher erinnerte sich gerne an eigene sch\u00f6ne Urlaubstage, die er hier am Bodensee verbracht hatte. <\/p>\n","protected":false},"excerpt":{"rendered":"<p>Wie in jedem Jahr veranstaltete der Westerwald-Verein Daaden auch diesmal im November einen Dia-Abend im B\u00fcrgerhaus. Unter dem Motto \u201eDer Bodensee, ein Ferienparadies zwischen Apfelplantagen, Bergwelt und Kultur\u201c zeigte Matthias Hess wundersch\u00f6ne Bilder aus dem Dreil\u00e4ndereck Deutschland, \u00d6sterreich und der Schweiz. Beginnend mit einem sch\u00f6nen Blick vom Pf\u00e4nder \u00fcber den ganzen Bodensee ging die Bilderreise [&hellip;]<\/p>\n","protected":false},"author":2,"featured_media":0,"comment_status":"closed","ping_status":"closed","sticky":false,"template":"","format":"standard","meta":{"footnotes":""},"categories":[1],"tags":[],"class_list":["post-158","post","type-post","status-publish","format-standard","hentry","category-allgemein"],"_links":{"self":[{"href":"http:\/\/www.westerwaldverein-daaden.de\/blog\/wp-json\/wp\/v2\/posts\/158","targetHints":{"allow":["GET"]}}],"collection":[{"href":"http:\/\/www.westerwaldverein-daaden.de\/blog\/wp-json\/wp\/v2\/posts"}],"about":[{"href":"http:\/\/www.westerwaldverein-daaden.de\/blog\/wp-json\/wp\/v2\/types\/post"}],"author":[{"embeddable":true,"href":"http:\/\/www.westerwaldverein-daaden.de\/blog\/wp-json\/wp\/v2\/users\/2"}],"replies":[{"embeddable":true,"href":"http:\/\/www.westerwaldverein-daaden.de\/blog\/wp-json\/wp\/v2\/comments?post=158"}],"version-history":[{"count":0,"href":"http:\/\/www.westerwaldverein-daaden.de\/blog\/wp-json\/wp\/v2\/posts\/158\/revisions"}],"wp:attachment":[{"href":"http:\/\/www.westerwaldverein-daaden.de\/blog\/wp-json\/wp\/v2\/media?parent=158"}],"wp:term":[{"taxonomy":"category","embeddable":true,"href":"http:\/\/www.westerwaldverein-daaden.de\/blog\/wp-json\/wp\/v2\/categories?post=158"},{"taxonomy":"post_tag","embeddable":true,"href":"http:\/\/www.westerwaldverein-daaden.de\/blog\/wp-json\/wp\/v2\/tags?post=158"}],"curies":[{"name":"wp","href":"https:\/\/api.w.org\/{rel}","templated":true}]}}