{"id":159,"date":"2007-11-13T18:00:54","date_gmt":"2007-11-13T17:00:54","guid":{"rendered":"http:\/\/www.westerwaldverein-daaden.de\/blog\/2007\/11\/13\/wanderplan-2008\/"},"modified":"2008-05-09T08:37:01","modified_gmt":"2008-05-09T07:37:01","slug":"wanderplan-2008","status":"publish","type":"post","link":"http:\/\/www.westerwaldverein-daaden.de\/blog\/2007\/11\/13\/wanderplan-2008\/","title":{"rendered":"Wanderplan 2008"},"content":{"rendered":"<p>Das Wanderjahr 2007 ist quasi abgeschlossen. F\u00fcr Sonntag, den 30. Dezember sind jedoch noch mal alle Kinder mit ihren Eltern zu der schon traditionell gewordenen Fackelwanderung (16.30 Uhr ab \u201eF\u00fcnf Linden\u201c) herzlich eingeladen. <\/p>\n<p>Es waren wieder viele sch\u00f6ne Wanderungen, die wir gemeinsam im Westerwald und in den angrenzenden Regionen machen konnten. Ausfl\u00fcge zur Krippenwanderung nach K\u00f6ln, an den Rhein und die Wochenwanderung im Bayrischen Wald waren die H\u00f6hepunkte. <\/p>\n<p><!--more-->Auch im neuen Jahr 2008 sind, wie im Veranstaltungskalender ausgewiesen, wieder <a href=\"http:\/\/www.westerwaldverein-daaden.de\/blog\/wanderplan-2008\/\">viele interessante und sch\u00f6ne Wanderungen<\/a> vorgesehen. Besonders sei hier auf zwei Wanderungen auf dem neuen \u201eWesterwaldsteig\u201c und auf die beiden l\u00e4ngeren Wandertouren (bis zu 25 Kilometer) auf dem Rothaarsteig bzw. dem Oranierpfad bei Dillenburg hingewiesen.<\/p>\n<p><img decoding=\"async\" class=\"alignleft\" src=\"http:\/\/www.westerwaldverein-daaden.de\/blog\/wp-content\/wwv_wp_2008_zehntscheune.jpg\" alt=\"Zehntscheune \" \/>Der Westerwald-Verein Daaden m\u00f6chte mit diesem Angebot besonders wanderinteressierte j\u00fcngere Personen aus dem Daadener Land und den umliegenden Regionen, also auch Nichtmitglieder ansprechen. Sprechen Sie uns an, wenn Sie den neuen Veranstaltungskalender haben m\u00f6chten.<\/p>\n<p>Schon jetzt k\u00f6nnen Sie sich auch den Termin f\u00fcr den Waldgottesdienst am 3. August 2008 an der Westerwaldh\u00fctte auf der Rodenbach vormerken. Noch nicht mit festen Terminen belegt sind weitere 2 bis 4 Radtouren, die erstmals im n\u00e4chsten Jahr durchgef\u00fchrt werden sollen, der Ausflug zum Tagebau der Braunkohlegrube Gatzweiler und die Gemeinschaftswanderung mit dem ZV Neuwied.<\/p>\n<p>Z.Zt. ist, wie schon in der Presse ver\u00f6ffentlicht, im Heimatmuseum Daaden eine kleine Sonderausstellung \u00fcber den Skipionier, Siegfried Koch aus Neuwied zu sehen. Siegfried Koch hat um 1895 mit dem Skifahren begonnen und hat als einer der ersten in Westdeutschland den Skisport bekannt gemacht. Er hat Pionierarbeit geleistet und hat schlie\u00dflich um 1912 den Stegskopf f\u00fcr sein leidenschaftliches Hobby entdeckt. Er war es, der den Bau, der nach ihm benannten \u201eSiegfriedh\u00fctte\u201c initiierte, die  am 30. November 1913 eingeweiht wurde. Wanderer und Skifahrer konnten somit hier auf dem Stegskopf \u00fcbernachten.<\/p>\n<p>Die H\u00fctte ist dann sp\u00e4ter in den Besitz des Westerwald-Vereins Daaden \u00fcbergegangen. Drei H\u00fcttenb\u00fccher mit Eintragungen aus der Zeit zwischen 1920 und 1929 sind heute noch vorhanden und in der Sonderausstellung zu betrachten. Versehen mit Eintragungen von Siegfried Koch und den vielen anderen G\u00e4sten, zeugen sie von einem regen Ferienbetrieb. Es \u00fcbernachteten Vereinsgruppen, aber auch Einzelpersonen, Frauen und M\u00e4nner, die auch aus der weiteren Region Westdeutschlands kamen. Gedichte, Aufzeichnungen begeisterter \u00dcbernachtungsg\u00e4ste, Zeichnungen und die vielen Namen und Unterschriften in diesen H\u00fcttenb\u00fcchern geben interessante Einblicke in die Zeit der 20er Jahre und in die Wandergeschichte auf dem Stegskopf. <\/p>\n","protected":false},"excerpt":{"rendered":"<p>Das Wanderjahr 2007 ist quasi abgeschlossen. F\u00fcr Sonntag, den 30. Dezember sind jedoch noch mal alle Kinder mit ihren Eltern zu der schon traditionell gewordenen Fackelwanderung (16.30 Uhr ab \u201eF\u00fcnf Linden\u201c) herzlich eingeladen. Es waren wieder viele sch\u00f6ne Wanderungen, die wir gemeinsam im Westerwald und in den angrenzenden Regionen machen konnten. Ausfl\u00fcge zur Krippenwanderung nach [&hellip;]<\/p>\n","protected":false},"author":2,"featured_media":0,"comment_status":"closed","ping_status":"closed","sticky":false,"template":"","format":"standard","meta":{"footnotes":""},"categories":[1],"tags":[],"class_list":["post-159","post","type-post","status-publish","format-standard","hentry","category-allgemein"],"_links":{"self":[{"href":"http:\/\/www.westerwaldverein-daaden.de\/blog\/wp-json\/wp\/v2\/posts\/159","targetHints":{"allow":["GET"]}}],"collection":[{"href":"http:\/\/www.westerwaldverein-daaden.de\/blog\/wp-json\/wp\/v2\/posts"}],"about":[{"href":"http:\/\/www.westerwaldverein-daaden.de\/blog\/wp-json\/wp\/v2\/types\/post"}],"author":[{"embeddable":true,"href":"http:\/\/www.westerwaldverein-daaden.de\/blog\/wp-json\/wp\/v2\/users\/2"}],"replies":[{"embeddable":true,"href":"http:\/\/www.westerwaldverein-daaden.de\/blog\/wp-json\/wp\/v2\/comments?post=159"}],"version-history":[{"count":0,"href":"http:\/\/www.westerwaldverein-daaden.de\/blog\/wp-json\/wp\/v2\/posts\/159\/revisions"}],"wp:attachment":[{"href":"http:\/\/www.westerwaldverein-daaden.de\/blog\/wp-json\/wp\/v2\/media?parent=159"}],"wp:term":[{"taxonomy":"category","embeddable":true,"href":"http:\/\/www.westerwaldverein-daaden.de\/blog\/wp-json\/wp\/v2\/categories?post=159"},{"taxonomy":"post_tag","embeddable":true,"href":"http:\/\/www.westerwaldverein-daaden.de\/blog\/wp-json\/wp\/v2\/tags?post=159"}],"curies":[{"name":"wp","href":"https:\/\/api.w.org\/{rel}","templated":true}]}}