{"id":1626,"date":"2012-08-02T11:00:05","date_gmt":"2012-08-02T09:00:05","guid":{"rendered":"http:\/\/www.westerwaldverein-daaden.de\/blog\/?p=1626"},"modified":"2012-08-04T11:07:55","modified_gmt":"2012-08-04T09:07:55","slug":"waldgottesdienst-2012","status":"publish","type":"post","link":"http:\/\/www.westerwaldverein-daaden.de\/blog\/2012\/08\/02\/waldgottesdienst-2012\/","title":{"rendered":"Waldgottesdienst 2012"},"content":{"rendered":"<p><strong>Waldgottesdienst an der Wilhelm-Fischbach-H\u00fctte hatte wieder viele Besucher<\/strong><\/p>\n<p>Der Westerwald-Verein Daaden e.V. und die evangelische Kirchen&shy;gemeinde Daaden hatten auch in diesem Jahr wieder zu einem Waldgottesdienst eingeladen. <\/p>\n<p><!--more-->Zum 2. Mal fand dieser an der Wilhelm-Fischbach-H\u00fctte statt und es kamen zirka 150 Besucher, die einen Gottesdienst in sch\u00f6ner Landschaft und in frischer Luft feiern wollten. Pfarrer Michael Seim predigte aus aktuellem Anlass der Olympischen Spiele \u00fcber das Thema: \u201eWas k\u00f6nnen Christen von Sportlern lernen\u201c.<\/p>\n<div class=\"center\"><img loading=\"lazy\" decoding=\"async\" src=\"http:\/\/www.westerwaldverein-daaden.de\/blog\/wp-content\/uploads\/2012\/08\/wgd_2012_1.jpg\" alt=\"\" title=\"wgd_2012_1\" width=\"400\" height=\"300\" class=\"alignnone size-full wp-image-1674\" \/><\/div>\n<p>Den feierlichen Rahmen gaben wieder Bl\u00e4ser des Posaunenchors Daaden\/Biersdorf und der Gemischte Chor Daaden, der unterst\u00fctzt wurde von S\u00e4ngerinnen und S\u00e4nger aus Weitefeld.<\/p>\n<div class=\"center\"><img loading=\"lazy\" decoding=\"async\" src=\"http:\/\/www.westerwaldverein-daaden.de\/blog\/wp-content\/uploads\/2012\/08\/wgd_2012_3.jpg\" alt=\"\" title=\"wgd_2012_3\" width=\"400\" height=\"300\" class=\"alignnone size-full wp-image-1676\" \/><\/div>\n<p>Zuvor hatte Vorsitzender Gisbert Weber die Gottesdienstbesucher begr\u00fc\u00dft und alle zum anschlie\u00dfenden Familientag des Westerwald-Vereins eingeladen. Kurz vor dem Mittagessen traf dann p\u00fcnktlich auch die Wandergruppe vom Zweigverein Herdorf ein. <\/p>\n<div class=\"center\"><img loading=\"lazy\" decoding=\"async\" src=\"http:\/\/www.westerwaldverein-daaden.de\/blog\/wp-content\/uploads\/2012\/08\/wgd_2012_2.jpg\" alt=\"\" title=\"wgd_2012_2\" width=\"400\" height=\"300\" class=\"alignnone size-full wp-image-1675\" \/><\/div>\n<p>Zu Mittag gab es diesmal eine herzhafte Portion Spie\u00dfbraten von der Metzgerei Sch\u00e4fer. Sowohl der Spie\u00dfbraten als auch die im Anschluss von Dieter Jung und Karl-Ernst Weinbrenner gebackenen Waffeln haben allen sehr gut geschmeckt.  <\/p>\n<p>Da auch das Wetter sich zum Nachmittag immer mehr von seiner besten Seite zeigte, wurde es ein abwechslungsreicher und sch\u00f6ner Tag, der allen Besuchern gut gefallen hat.<\/p>\n<div class=\"center\"><img loading=\"lazy\" decoding=\"async\" src=\"http:\/\/www.westerwaldverein-daaden.de\/blog\/wp-content\/uploads\/2012\/08\/wgd_2012_4.jpg\" alt=\"\" title=\"wgd_2012_4\" width=\"400\" height=\"300\" class=\"alignnone size-full wp-image-1677\" \/><\/div>\n<p>Die Voraussetzung f\u00fcr das Gelingen hatten nat\u00fcrlich die vielen flei\u00dfigen Helferinnen und Helfer, die rund 7 Kilo Hefeteig ger\u00fchrt, Kaffee gekocht (Walter Lenz musste noch Haubergskaffee nachkochen) und alles vorbereitet hatten, geschaffen. Ihnen geb\u00fchrt daf\u00fcr ein herzliches Dankesch\u00f6n.<\/p>\n<p><\/p>\n<div class=\"center\"><a href=\"http:\/\/www.westerwaldverein-daaden.de\/blog\/wp-content\/uploads\/2012\/06\/waldgottesdienst_2012.jpg\" data-rel=\"lightbox-gallery-Con2hOVx\" data-rl_title=\"\" data-rl_caption=\"\"><img loading=\"lazy\" decoding=\"async\" src=\"http:\/\/www.westerwaldverein-daaden.de\/blog\/wp-content\/uploads\/2012\/06\/waldgottesdienst_2012-378x400.jpg\" alt=\"\" title=\"\" width=\"378\" height=\"400\" class=\"alignnone size-medium wp-image-1627\" srcset=\"http:\/\/www.westerwaldverein-daaden.de\/blog\/wp-content\/uploads\/2012\/06\/waldgottesdienst_2012-378x400.jpg 378w, http:\/\/www.westerwaldverein-daaden.de\/blog\/wp-content\/uploads\/2012\/06\/waldgottesdienst_2012.jpg 757w\" sizes=\"auto, (max-width: 378px) 100vw, 378px\" \/><\/a><\/div>\n<p><\/p>\n","protected":false},"excerpt":{"rendered":"<p>Waldgottesdienst an der Wilhelm-Fischbach-H\u00fctte hatte wieder viele Besucher Der Westerwald-Verein Daaden e.V. und die evangelische Kirchen&shy;gemeinde Daaden hatten auch in diesem Jahr wieder zu einem Waldgottesdienst eingeladen.<\/p>\n","protected":false},"author":2,"featured_media":0,"comment_status":"closed","ping_status":"closed","sticky":false,"template":"","format":"standard","meta":{"footnotes":""},"categories":[1],"tags":[],"class_list":["post-1626","post","type-post","status-publish","format-standard","hentry","category-allgemein"],"_links":{"self":[{"href":"http:\/\/www.westerwaldverein-daaden.de\/blog\/wp-json\/wp\/v2\/posts\/1626","targetHints":{"allow":["GET"]}}],"collection":[{"href":"http:\/\/www.westerwaldverein-daaden.de\/blog\/wp-json\/wp\/v2\/posts"}],"about":[{"href":"http:\/\/www.westerwaldverein-daaden.de\/blog\/wp-json\/wp\/v2\/types\/post"}],"author":[{"embeddable":true,"href":"http:\/\/www.westerwaldverein-daaden.de\/blog\/wp-json\/wp\/v2\/users\/2"}],"replies":[{"embeddable":true,"href":"http:\/\/www.westerwaldverein-daaden.de\/blog\/wp-json\/wp\/v2\/comments?post=1626"}],"version-history":[{"count":3,"href":"http:\/\/www.westerwaldverein-daaden.de\/blog\/wp-json\/wp\/v2\/posts\/1626\/revisions"}],"predecessor-version":[{"id":1683,"href":"http:\/\/www.westerwaldverein-daaden.de\/blog\/wp-json\/wp\/v2\/posts\/1626\/revisions\/1683"}],"wp:attachment":[{"href":"http:\/\/www.westerwaldverein-daaden.de\/blog\/wp-json\/wp\/v2\/media?parent=1626"}],"wp:term":[{"taxonomy":"category","embeddable":true,"href":"http:\/\/www.westerwaldverein-daaden.de\/blog\/wp-json\/wp\/v2\/categories?post=1626"},{"taxonomy":"post_tag","embeddable":true,"href":"http:\/\/www.westerwaldverein-daaden.de\/blog\/wp-json\/wp\/v2\/tags?post=1626"}],"curies":[{"name":"wp","href":"https:\/\/api.w.org\/{rel}","templated":true}]}}