{"id":163,"date":"2007-12-22T14:00:32","date_gmt":"2007-12-22T13:00:32","guid":{"rendered":"http:\/\/www.westerwaldverein-daaden.de\/blog\/2007\/12\/22\/wanderfreund-brachte-skisport-in-westdeutschland-voran\/"},"modified":"2007-12-22T15:29:44","modified_gmt":"2007-12-22T14:29:44","slug":"wanderfreund-brachte-skisport-in-westdeutschland-voran","status":"publish","type":"post","link":"http:\/\/www.westerwaldverein-daaden.de\/blog\/2007\/12\/22\/wanderfreund-brachte-skisport-in-westdeutschland-voran\/","title":{"rendered":"Wanderfreund brachte den Skisport in Westdeutschland voran"},"content":{"rendered":"<p><strong>Ski-Pionier Siegfried Koch mit Ausstellung geehrt<\/strong><br \/>\n<small>von Gisbert Weber<\/small><\/p>\n<p>Kennern des Westerwaldes ist Siegfried Koch aus Neuwied sicher ein Begriff, zumindest wenn es um den Skisport zu Beginn des 20. Jahrhunderts geht. Er geh\u00f6rte zu den Pionieren, die im westdeutschen Raum die schmalen Bretter popul\u00e4r gemacht haben.<\/p>\n<p>Im Daadener Heimatmuseum ist bis Mai 2008 noch eine Ausstellung zu sehen, die an sein Wirken auf dem Stegskopf erinnert.<\/p>\n<p><!--more--><\/p>\n<p align=\"center\"><img decoding=\"async\" src=\"http:\/\/www.westerwaldverein-daaden.de\/blog\/wp-content\/wwv_siegfried_koch.jpg\" alt=\"Siegfried Koch\" \/><\/p>\n<p>Eine kleine Sonderausstellung \u00fcber Siegfried Koch, den Skipionier aus Neuwied, wurde im Dezember 2007 im Heimatmuseum Daaden er\u00f6ffnet.  SiegfriedKoch(Foto) hat als einer der ersten in ganz Westdeutschland um 1895 mit dem Skifahren begonnen. Er hat f\u00fcr Skisport im gesamten westdeutschen Raum Pionierarbeit geleistet und hat schlie\u00dflich um 1912 den Stegskopf f\u00fcr sein leidenschaftliches Hobby entdeckt. An seiner Seite ein h\u00e4ufiger Begleiter war Lehrer Peter Hoffmann aus Emmerzhausen.<\/p>\n<p>Die Nachfahren von Koch haben dessen erste Skier aus dem Jahre 1895 und ein weiteres Paar f\u00fcr die Ausstellung in Daaden zur Verf\u00fcgung gestellt. Siegfried Koch war es auch, der den \u201eWintersport-Verein Daaden e.V.\u201c gr\u00fcndete und den Bau, der nach ihm benannten \u201eSiegfriedh\u00fctte\u201c auf dem Stegskopf initiierte, die dann bereits schon am 30. November 1913 eingeweiht werden konnte. Diese H\u00fctte, von Siegfried Koch und einigen B\u00fcrgern aus Daaden und Emmerzhausen gebaut, war ausgestattet mit einfachen Betten und einer Kochstelle und diente zahlreichen Wanderern und im Winter auch den ausw\u00e4rtigen Skifahrern als willkommene \u00dcbernachtungsm\u00f6glichkeit. Sie wurde, wie aus den drei vorhandenen H\u00fcttenb\u00fccher ersichtlich ist, auch rege genutzt. Ein Aussichtsturm kam viele Jahre sp\u00e4ter dazu und hatte in der N\u00e4he der H\u00fctte seinen Standort. Bei guter Fernsicht hatte man von hier einen wunderbaren Weitblick \u00fcber die ganze Region, ja sogar bis zum Siebengebirge.<\/p>\n<p>Der Wintersport-Verein Daaden wurde 1929 im Westerwald-Verein Daaden integriert. Somit ging auch die Siegfriedh\u00fctte in den Besitz des Westerwald-Vereins Daaden \u00fcber. Drei H\u00fcttenb\u00fccher mit Eintragungen aus der Zeit zwischen 1920 und 1929 (vorherige B\u00fccher sind verloren gegangen) sind heute noch vorhanden und in der Sonderausstellung zu betrachten. Versehen mit Eintragungen von Siegfried Koch, der in Versen von seinem Stegskopf und der herrlichen Fernsicht schw\u00e4rmt, sowie von den vielen anderen G\u00e4sten, zeugen diese Notizen von einem regen Ferienbetrieb auf dem zweith\u00f6chsten Berg des Westerwaldes. Es \u00fcbernachteten hier nicht nur Vereinsgruppen, sondern auch Einzelpersonen, Frauen und M\u00e4nner, die aus der N\u00e4he und auch aus der weiteren Region Westdeutschlands kamen. Zahlreiche Gedichte, interessante Aufzeichnungen begeisterter \u00dcbernachtungsg\u00e4ste, sch\u00f6ne Zeichnungen und die vielen Namen und Unterschriften in diesen H\u00fcttenb\u00fcchern, geben interessante Einblicke in die Zeit der fr\u00fchen 20er Jahre und in die vielf\u00e4ltige Wandergeschichte auf dem Stegskopf.<\/p>\n<p>Zu vermerken ist nat\u00fcrlich auch und sicher nicht allen bekannt, dass in der \u201eSiegfriedh\u00fctte\u201c das Westerwaldlied entstanden ist. Wahrscheinlich ein Abend, wo mal wieder so ein eisiger Wind \u00fcber den Stegskopf wehte.<\/p>\n<p align=\"center\"><img decoding=\"async\" src=\"http:\/\/www.westerwaldverein-daaden.de\/blog\/wp-content\/wwv_siegfried_huette.jpg\" alt=\"Siegfried H\u00fctte\" \/><br \/><small>Sterntreffen an der Siegfriedh\u00fctte<\/small><\/p>\n<p>Im Jahre 1957 war die \u201eSiegfriedh\u00fctte\u201c auch Treffpunkt f\u00fcr das Sterntreffen des Westerwald-Vereins (Foto).<\/p>\n","protected":false},"excerpt":{"rendered":"<p>Ski-Pionier Siegfried Koch mit Ausstellung geehrt von Gisbert Weber Kennern des Westerwaldes ist Siegfried Koch aus Neuwied sicher ein Begriff, zumindest wenn es um den Skisport zu Beginn des 20. Jahrhunderts geht. Er geh\u00f6rte zu den Pionieren, die im westdeutschen Raum die schmalen Bretter popul\u00e4r gemacht haben. Im Daadener Heimatmuseum ist bis Mai 2008 noch [&hellip;]<\/p>\n","protected":false},"author":2,"featured_media":0,"comment_status":"closed","ping_status":"closed","sticky":false,"template":"","format":"standard","meta":{"footnotes":""},"categories":[3],"tags":[],"class_list":["post-163","post","type-post","status-publish","format-standard","hentry","category-heimatgeschichte"],"_links":{"self":[{"href":"http:\/\/www.westerwaldverein-daaden.de\/blog\/wp-json\/wp\/v2\/posts\/163","targetHints":{"allow":["GET"]}}],"collection":[{"href":"http:\/\/www.westerwaldverein-daaden.de\/blog\/wp-json\/wp\/v2\/posts"}],"about":[{"href":"http:\/\/www.westerwaldverein-daaden.de\/blog\/wp-json\/wp\/v2\/types\/post"}],"author":[{"embeddable":true,"href":"http:\/\/www.westerwaldverein-daaden.de\/blog\/wp-json\/wp\/v2\/users\/2"}],"replies":[{"embeddable":true,"href":"http:\/\/www.westerwaldverein-daaden.de\/blog\/wp-json\/wp\/v2\/comments?post=163"}],"version-history":[{"count":0,"href":"http:\/\/www.westerwaldverein-daaden.de\/blog\/wp-json\/wp\/v2\/posts\/163\/revisions"}],"wp:attachment":[{"href":"http:\/\/www.westerwaldverein-daaden.de\/blog\/wp-json\/wp\/v2\/media?parent=163"}],"wp:term":[{"taxonomy":"category","embeddable":true,"href":"http:\/\/www.westerwaldverein-daaden.de\/blog\/wp-json\/wp\/v2\/categories?post=163"},{"taxonomy":"post_tag","embeddable":true,"href":"http:\/\/www.westerwaldverein-daaden.de\/blog\/wp-json\/wp\/v2\/tags?post=163"}],"curies":[{"name":"wp","href":"https:\/\/api.w.org\/{rel}","templated":true}]}}