{"id":169,"date":"2008-02-29T11:15:10","date_gmt":"2008-02-29T10:15:10","guid":{"rendered":"http:\/\/www.westerwaldverein-daaden.de\/blog\/2008\/02\/29\/jahreshauptversammlung-2008\/"},"modified":"2008-02-29T11:31:07","modified_gmt":"2008-02-29T10:31:07","slug":"jahreshauptversammlung-2008","status":"publish","type":"post","link":"http:\/\/www.westerwaldverein-daaden.de\/blog\/2008\/02\/29\/jahreshauptversammlung-2008\/","title":{"rendered":"Jahreshauptversammlung 2008"},"content":{"rendered":"<p><strong>Wieder gute Beteiligung bei den Wanderungen<\/strong><\/p>\n<p>Eine insgesamt positive Bilanz zog der Westerwald-Verein Daaden e.V. auf seiner Jahreshauptversammlung. Knapp 40 Teilnehmer konnte der Vorsitzende Gisbert Weber begr\u00fc\u00dfen. Sein Gru\u00df ging auch an die Pressevertreterinnen der Rhein-Zeitung und der Siegener Zeitung. Er dankte allen Mitgliedern, besonders allen aktiven Wanderinnen und Wanderern und den Wanderf\u00fchrern f\u00fcr die Treue und ihr Engagement. Ein ebenso herzlicher Dank galt dem einzigen Jubilar f\u00fcr 25 Jahre Mitgliedschaft, Herrn Alfred Ermert, der aber leider an diesem Abend verhindert war.<\/p>\n<p><!--more-->In seinem Bericht ging Weber auf die konstant bleibende Zahl der Mitglieder ein und sagte, \u201eEs sind Mitglieder, die alle treu zum Verein stehen, auch wenn sie nicht mehr an den Aktivit\u00e4ten teilnehmen k\u00f6nnen. Sie alle tragen zum harmonische Miteinander im Verein bei und unterst\u00fctzen durch ihren Beitrag die Arbeit der Verantwortlichen. Schlie\u00dflich bildet auch eine gesunde finanzielle Ausstattung die Grundlage f\u00fcr ein intaktes Vereinsleben und auch daf\u00fcr, dass ein umfangreiches und interessantes Programm angeboten werden kann\u201c. <\/p>\n<p>Vorsitzender Gisbert Weber sprach auch die Altersstruktur an und bat die Anwesenden um aktives Werben neuer und j\u00fcngere Mitglieder. Hierf\u00fcr seien im Wanderprogramm 2008 l\u00e4ngere und konditionell anspruchsvolle Touren angeboten. \u201eInteressierte Wanderfreunde sollten einfach mitwandern und k\u00f6nnen so erfahren, ob ihnen das Klima in der Gruppe gef\u00e4llt und ob es ihnen Spa\u00df macht. Erst dann kann man sich f\u00fcr einen Beitritt zum Verein entscheiden\u201c, so Weber. <\/p>\n<p>Er ging in seinem Bericht auch auf den \u201eWesterwaldsteig\u201c ein und erkl\u00e4rte, dass man es nicht geschafft habe, dass dieser Wanderweg direkt durch unsere Region, also durch den AK-Oberkreis f\u00fchrt. Es sei aber ein zus\u00e4tzlicher Verbindungsweg zwischen dem Westerwaldsteig und dem Rothaarsteig  in Vorbereitung. Zumindest eine Zuwegung, beginnend an der Freusburg bis zum Anschluss am Kloster Marienstatt werde mit den Verbandsgemeinden Kirchen, Betzdorf, Daaden, Gebhardshain und der Stadt Herdorf noch in diesem Jahr erstellt werden k\u00f6nnen. Der Westerwald-Verein Daaden habe hierzu die Route, das Wegeprofil und eine Aufnahme der Besonderheiten am Wanderweg im Bereich der VG Daaden schon erstellt.<\/p>\n<p>Wanderwart Walter Lenz berichtete in seiner R\u00fcckschau von gestiegenen Teilnehmerzahlen. 2007 waren es fast 1300 Personen, die an den Wanderungen teilgenommen hatten, wobei insgesamt 560 Kilometer erwandert wurden. Er stellte einige besondere Wanderungen, wie z.B. die Krippenwanderung in K\u00f6ln, die Wanderung auf dem Rheinsteig und die Wochenwanderung im Bayrischen Wald heraus und gab zugleich einen Ausblick auf das diesj\u00e4hrige Wanderprogramm. Besonders der Waldgottesdienst an der Westerwaldh\u00fctte \u201eAuf der Rodenbach\u201c erfreue sich immer gr\u00f6\u00dferer Beliebtheit. <\/p>\n<p>Er konnte zum geplanten Panoramaweg \u201eRund um Daaden\u201c berichten, dass nach R\u00fcckkehr von der Wochenwanderung auf Teneriffa dieser in Angriff genommen wird. Die Gemeinde Daaden wird hierzu auch ihren Beitrag leisten.<\/p>\n<p>W\u00e4hrend Wegewart Gerhard G\u00f6rg von der umfangreichen Arbeit zur Kontrolle und Nachmarkierung des rund 180 Kilometer langen Rund-, Haupt- und Regionalwegenetzes sprach, w\u00fcrdigte Jochem Hellmig das Engagement bei den Seniorenwanderungen und berichtete vom Deutschen Wandertag und dem Sterntreffen des Hauptvereins in Altenkirchen mit Daadener Beteiligung.<\/p>\n<p>Er sprach als Kulturwart die Gr\u00fcndung der Arbeitsgemeinschaft \u201eGeschichte des Daadener Landes\u201c an und berichtete \u00fcber die bisherigen Aktivit\u00e4ten. In diesem Jahr sollen Gespr\u00e4che gef\u00fchrt werden, ob und wie eine Zusammenarbeit im bzw. mit dem Westerwald-Verein gestaltet werden kann.<\/p>\n<p>Der Kassenbericht von Schatzmeister Erwin Fries belegte mit Zahlen die gesunde finanzielle Ausstattung des Vereins. Die gr\u00f6\u00dften Ausgabenposten waren wieder die Abf\u00fchrung an den Hauptverein, sowie der Druck des Wanderplanes. Auch Erwin Fries sprach die Altersstruktur den Vereins an und m\u00f6chte selbst deswegen zus\u00e4tzliche Radtouren anbieten. <\/p>\n<p>Nachdem dann Dieter Jung eine einwandfreie Kassenf\u00fchrung bescheinigt hatte, konnte dem Vorstand Entlastung erteilt werden und Bernd Luckenbach leitete mit seiner \u201eSteirischen Harmonika\u201c den gem\u00fctlichen Teil des Abends ein. Ein kurzer Diavortrag von Walter Lenz mit Bildern von Wanderungen vergangener Jahre gab Anlass, sich vieler sch\u00f6ner Wandertage zu erinnern, neben anderen Themen Gespr\u00e4chsstoff bis Mitternacht.<\/p>\n","protected":false},"excerpt":{"rendered":"<p>Wieder gute Beteiligung bei den Wanderungen Eine insgesamt positive Bilanz zog der Westerwald-Verein Daaden e.V. auf seiner Jahreshauptversammlung. Knapp 40 Teilnehmer konnte der Vorsitzende Gisbert Weber begr\u00fc\u00dfen. Sein Gru\u00df ging auch an die Pressevertreterinnen der Rhein-Zeitung und der Siegener Zeitung. Er dankte allen Mitgliedern, besonders allen aktiven Wanderinnen und Wanderern und den Wanderf\u00fchrern f\u00fcr die [&hellip;]<\/p>\n","protected":false},"author":2,"featured_media":0,"comment_status":"closed","ping_status":"closed","sticky":false,"template":"","format":"standard","meta":{"footnotes":""},"categories":[1],"tags":[],"class_list":["post-169","post","type-post","status-publish","format-standard","hentry","category-allgemein"],"_links":{"self":[{"href":"http:\/\/www.westerwaldverein-daaden.de\/blog\/wp-json\/wp\/v2\/posts\/169","targetHints":{"allow":["GET"]}}],"collection":[{"href":"http:\/\/www.westerwaldverein-daaden.de\/blog\/wp-json\/wp\/v2\/posts"}],"about":[{"href":"http:\/\/www.westerwaldverein-daaden.de\/blog\/wp-json\/wp\/v2\/types\/post"}],"author":[{"embeddable":true,"href":"http:\/\/www.westerwaldverein-daaden.de\/blog\/wp-json\/wp\/v2\/users\/2"}],"replies":[{"embeddable":true,"href":"http:\/\/www.westerwaldverein-daaden.de\/blog\/wp-json\/wp\/v2\/comments?post=169"}],"version-history":[{"count":0,"href":"http:\/\/www.westerwaldverein-daaden.de\/blog\/wp-json\/wp\/v2\/posts\/169\/revisions"}],"wp:attachment":[{"href":"http:\/\/www.westerwaldverein-daaden.de\/blog\/wp-json\/wp\/v2\/media?parent=169"}],"wp:term":[{"taxonomy":"category","embeddable":true,"href":"http:\/\/www.westerwaldverein-daaden.de\/blog\/wp-json\/wp\/v2\/categories?post=169"},{"taxonomy":"post_tag","embeddable":true,"href":"http:\/\/www.westerwaldverein-daaden.de\/blog\/wp-json\/wp\/v2\/tags?post=169"}],"curies":[{"name":"wp","href":"https:\/\/api.w.org\/{rel}","templated":true}]}}