{"id":1714,"date":"2012-09-16T11:00:58","date_gmt":"2012-09-16T09:00:58","guid":{"rendered":"http:\/\/www.westerwaldverein-daaden.de\/blog\/?p=1714"},"modified":"2012-09-16T11:27:42","modified_gmt":"2012-09-16T09:27:42","slug":"schoene-wanderung-auf-dem-kuckucksweg-bei-eibach","status":"publish","type":"post","link":"http:\/\/www.westerwaldverein-daaden.de\/blog\/2012\/09\/16\/schoene-wanderung-auf-dem-kuckucksweg-bei-eibach\/","title":{"rendered":"Sch\u00f6ne Wanderung auf dem Kuckucksweg bei Eibach"},"content":{"rendered":"<p>Bei bestem Wanderwetter hatten sich 14 Wanderinnen und Wanderer des Westerwald-Vereins Daaden ins hessische Nachbarland auf den Weg gemacht, um den bei Eibach angelegten Kuckucksweg zu erwandern. <\/p>\n<p><!--more--><\/p>\n<div class=\"center\"><img loading=\"lazy\" decoding=\"async\" src=\"http:\/\/www.westerwaldverein-daaden.de\/blog\/wp-content\/uploads\/2012\/09\/kuckucksweg_2012_1.jpg\" alt=\"\" title=\"Am Gradierwerk\" width=\"400\" height=\"300\" class=\"alignnone size-full wp-image-1715\" \/><br \/><small>Am Gradierwerk<\/small><\/div>\n<p>Es war eine sch\u00f6ne Wanderung und es war auch der richtige Wandertag gew\u00e4hlt worden, denn auf dem rund 12 Kilometer langen Rundweg gab es bei bester Fernsicht immer wieder herrliche Ausblicke ins Siegerland, in den nahen Westerwald und ins hessische Bergland bis \u00fcber die Burg Greifenstein hinaus. <\/p>\n<div class=\"center\"><img loading=\"lazy\" decoding=\"async\" src=\"http:\/\/www.westerwaldverein-daaden.de\/blog\/wp-content\/uploads\/2012\/09\/kuckucksweg_2012_2.jpg\" alt=\"\" title=\"Rast an der Grillh\u00fctte Eibach\" width=\"400\" height=\"300\" class=\"alignnone size-full wp-image-1716\" \/><br \/><small>Rast an der Grillh\u00fctte Eibach<\/small><\/div>\n<p>Nach 8 Kilometer war dann Rast an der Eibacher Grillh\u00fctte, bevor es wieder zur\u00fcck zum Ausgangspunkt ging. Zuvor hatte Wanderf\u00fchrerin Marita Metz die Wandergruppe aber noch an das kleine Gradierwerk von Eibach gef\u00fchrt. <\/p>\n","protected":false},"excerpt":{"rendered":"<p>Bei bestem Wanderwetter hatten sich 14 Wanderinnen und Wanderer des Westerwald-Vereins Daaden ins hessische Nachbarland auf den Weg gemacht, um den bei Eibach angelegten Kuckucksweg zu erwandern.<\/p>\n","protected":false},"author":2,"featured_media":0,"comment_status":"closed","ping_status":"closed","sticky":false,"template":"","format":"standard","meta":{"footnotes":""},"categories":[5],"tags":[],"class_list":["post-1714","post","type-post","status-publish","format-standard","hentry","category-wanderungen"],"_links":{"self":[{"href":"http:\/\/www.westerwaldverein-daaden.de\/blog\/wp-json\/wp\/v2\/posts\/1714","targetHints":{"allow":["GET"]}}],"collection":[{"href":"http:\/\/www.westerwaldverein-daaden.de\/blog\/wp-json\/wp\/v2\/posts"}],"about":[{"href":"http:\/\/www.westerwaldverein-daaden.de\/blog\/wp-json\/wp\/v2\/types\/post"}],"author":[{"embeddable":true,"href":"http:\/\/www.westerwaldverein-daaden.de\/blog\/wp-json\/wp\/v2\/users\/2"}],"replies":[{"embeddable":true,"href":"http:\/\/www.westerwaldverein-daaden.de\/blog\/wp-json\/wp\/v2\/comments?post=1714"}],"version-history":[{"count":2,"href":"http:\/\/www.westerwaldverein-daaden.de\/blog\/wp-json\/wp\/v2\/posts\/1714\/revisions"}],"predecessor-version":[{"id":1719,"href":"http:\/\/www.westerwaldverein-daaden.de\/blog\/wp-json\/wp\/v2\/posts\/1714\/revisions\/1719"}],"wp:attachment":[{"href":"http:\/\/www.westerwaldverein-daaden.de\/blog\/wp-json\/wp\/v2\/media?parent=1714"}],"wp:term":[{"taxonomy":"category","embeddable":true,"href":"http:\/\/www.westerwaldverein-daaden.de\/blog\/wp-json\/wp\/v2\/categories?post=1714"},{"taxonomy":"post_tag","embeddable":true,"href":"http:\/\/www.westerwaldverein-daaden.de\/blog\/wp-json\/wp\/v2\/tags?post=1714"}],"curies":[{"name":"wp","href":"https:\/\/api.w.org\/{rel}","templated":true}]}}