{"id":172,"date":"2008-03-18T15:19:39","date_gmt":"2008-03-18T14:19:39","guid":{"rendered":"http:\/\/www.westerwaldverein-daaden.de\/blog\/2008\/03\/18\/wandertour-2008-auf-teneriffa\/"},"modified":"2008-03-18T15:24:41","modified_gmt":"2008-03-18T14:24:41","slug":"wandertour-2008-auf-teneriffa","status":"publish","type":"post","link":"http:\/\/www.westerwaldverein-daaden.de\/blog\/2008\/03\/18\/wandertour-2008-auf-teneriffa\/","title":{"rendered":"Wandertour 2008 auf Teneriffa"},"content":{"rendered":"<p><strong>Wanderfreunde von der Kanareninsel begeistert<\/strong><\/p>\n<p>Eine Reisegruppe von 33 Wanderfreunden des Westerwald-Vereins Daaden waren Anfang M\u00e4rz f\u00fcr eine Woche auf gro\u00dfer Wandertour auf der Kanareninsel Teneriffa. <\/p>\n<p><!--more-->Zwischen dem WWV Daaden und dem Ehepaar Erika und Kurt Maier aus Rosenheim in Bayern, besteht schon lange und zwar seit den Korsikareisen eine enge Wanderfreundschaft. Kurt Maier, der mit der Reisegesellschaft Astl, ebenfalls aus Rosenheim, Wandertouren auf Teneriffa organisiert, hatte diesmal mit Wanderwart Walter Lenz diese interessante Wochenwanderung vorbereitet.<\/p>\n<p>Nach angenehmen Flug von Frankfurt nach Puerto de la Cruz wurden die Daadener Wanderer von Kurt Maier am dortigen Flughafen empfangen.<\/p>\n<p align=\"center\"><img decoding=\"async\" src=\"http:\/\/www.westerwaldverein-daaden.de\/blog\/wp-content\/wwv_teneriffa_2008_1.jpg\" alt=\"Teneriffa 2008\" \/><br \/><small>Kurt Maier empf\u00e4ngt die Wanderer vom WWV Daaden<\/small><\/p>\n<p>Vom Flughafen ging es mit dem Bus zum Hotel Eden, das der Westerw\u00e4lder Reisegruppe f\u00fcr eine Woche ein angenehmes Quartier bot. Von diesem Hotel aus nahmen dann f\u00fcnf wundersch\u00f6ne Wandertouren ihren Anfang, indem ein Bus, der den Wanderern t\u00e4glich zur Verf\u00fcgung stand, diese jeweils zum Startpunkt brachte und sie am Wanderziel wieder abholte.<\/p>\n<p align=\"center\"><img decoding=\"async\" src=\"http:\/\/www.westerwaldverein-daaden.de\/blog\/wp-content\/wwv_teneriffa_2008_2.jpg\" alt=\"Teneriffa 2008\" \/><br \/><small>Daadener Wandergruppe auf Tour<\/small><\/p>\n<p align=\"center\"><img decoding=\"async\" src=\"http:\/\/www.westerwaldverein-daaden.de\/blog\/wp-content\/wwv_teneriffa_2008_3.jpg\" alt=\"Teneriffa 2008\" \/><br \/><small>Der 3.718 Meter hohe \u201eTeide\u201c<\/small><\/p>\n<p>Die Tour am ersten Tag f\u00fchrte in den Nationalpark \u201eLas Canda`s de Teide\u201c vorbei an der steinernen Rose auf \u00fcber 2.000 Meter H\u00f6he nach Parador und in die Mondlandschaft von \u201eLos Rogues\u201cin der sich eine Rundwanderung anschloss. <\/p>\n<p>Weitere Wanderziele an den folgenden Tagen waren dann das \u201eAnaga-Gebirge\u201c. In Ermita Cruz del Carmen begann eine 5-st\u00fcndige Streckenwanderung mit 900 Meter Abstieg an Bergd\u00f6rfern vorbei zu den H\u00f6hlenwohnungen der Guachen in Chinamada bis nach Punta del Hidalgo.<\/p>\n<p>Am n\u00e4chsten Tag ging es zum Teno-Gebirge auf die beiden Gipfel der Galas, mit Sicht in die \u201eMasca-Schlucht\u201c, die ja noch bevor stand. Hier war leider 2007 der Lorbeerwald und die gesamte Vegetation einem Brand zum Opfer gefallen.<\/p>\n<p align=\"center\"><img decoding=\"async\" src=\"http:\/\/www.westerwaldverein-daaden.de\/blog\/wp-content\/wwv_teneriffa_2008_4.jpg\" alt=\"Teneriffa 2008\" \/><br \/><small>Bergd\u00f6rfer auf Teneriffa<\/small><\/p>\n<p>Am Donnerstag war ein besonders schwei\u00dftreibender Tag. Immerhin waren es \u00fcber die ganze Woche Temperaturen von 21 bis 27 Grad Celsius. Bei einer mehr als 5-st\u00fcndigen Rundwanderung mussten im \u201eWanderidyll Orotavatal\u201c \u00fcber 500 Meter H\u00f6henunterschied \u00fcberwunden werden. Es war aber eine \u00fcberaus lohnenswerte Wanderung durch das wasserreichste Gebiet Teneriffa`s, durch eine artenreiche Vegetation, \u00fcber Pilger- und Hirtenpfade, vorbei an den sogenannten Orgelpfeifen und vielen kleinen Schluchten, sowie auf ausgesetzten Bergpfaden, wo teilweise auch eine gewisse Trittsicherheit der Wanderer erforderlich war. <\/p>\n<p align=\"center\"><img decoding=\"async\" src=\"http:\/\/www.westerwaldverein-daaden.de\/blog\/wp-content\/wwv_teneriffa_2008_5.jpg\" alt=\"Teneriffa 2008\" \/><br \/><small>Blick \u00fcber Puerto de la Cruz<\/small><\/p>\n<p>Nach dem Ruhetag am Freitag, der dann zum Besuch der Altstadt von Puerto de la Cruz genutzt wurde, stand dann am Samstag als letzte Tour, die \u201eMasca-Schlucht\u201c auf dem Programm. Vom Fischerhafen von Los Gigantes aus ging es in 5 Stunden bis zum Bergdorf Masca , \u00fcber Steine und Felsen, flankiert von bis zu 500 Meter hohen, fast senkrecht aufsteigenden Felsmassiven.<\/p>\n<p align=\"center\"><img decoding=\"async\" src=\"http:\/\/www.westerwaldverein-daaden.de\/blog\/wp-content\/wwv_teneriffa_2008_6.jpg\" alt=\"Teneriffa 2008\" \/><\/p>\n<p align=\"center\"><img decoding=\"async\" src=\"http:\/\/www.westerwaldverein-daaden.de\/blog\/wp-content\/wwv_teneriffa_2008_7.jpg\" alt=\"Teneriffa 2008\" \/><br \/><small>Wandern in der Masca-Schlucht<\/small><\/p>\n<p>Eine erlebnisreiche Woche f\u00fcr die Daadener Wanderfreunde fand dann mit dem R\u00fcckflug am Sonntag ihren Abschluss.<\/p>\n<p>Nach 8 erlebnisreichen Tagen waren sich alle einig: \u201eTeneriffa ist eine Reise wert\u201c.<\/p>\n","protected":false},"excerpt":{"rendered":"<p>Wanderfreunde von der Kanareninsel begeistert Eine Reisegruppe von 33 Wanderfreunden des Westerwald-Vereins Daaden waren Anfang M\u00e4rz f\u00fcr eine Woche auf gro\u00dfer Wandertour auf der Kanareninsel Teneriffa.<\/p>\n","protected":false},"author":2,"featured_media":0,"comment_status":"closed","ping_status":"closed","sticky":false,"template":"","format":"standard","meta":{"footnotes":""},"categories":[5],"tags":[],"class_list":["post-172","post","type-post","status-publish","format-standard","hentry","category-wanderungen"],"_links":{"self":[{"href":"http:\/\/www.westerwaldverein-daaden.de\/blog\/wp-json\/wp\/v2\/posts\/172","targetHints":{"allow":["GET"]}}],"collection":[{"href":"http:\/\/www.westerwaldverein-daaden.de\/blog\/wp-json\/wp\/v2\/posts"}],"about":[{"href":"http:\/\/www.westerwaldverein-daaden.de\/blog\/wp-json\/wp\/v2\/types\/post"}],"author":[{"embeddable":true,"href":"http:\/\/www.westerwaldverein-daaden.de\/blog\/wp-json\/wp\/v2\/users\/2"}],"replies":[{"embeddable":true,"href":"http:\/\/www.westerwaldverein-daaden.de\/blog\/wp-json\/wp\/v2\/comments?post=172"}],"version-history":[{"count":0,"href":"http:\/\/www.westerwaldverein-daaden.de\/blog\/wp-json\/wp\/v2\/posts\/172\/revisions"}],"wp:attachment":[{"href":"http:\/\/www.westerwaldverein-daaden.de\/blog\/wp-json\/wp\/v2\/media?parent=172"}],"wp:term":[{"taxonomy":"category","embeddable":true,"href":"http:\/\/www.westerwaldverein-daaden.de\/blog\/wp-json\/wp\/v2\/categories?post=172"},{"taxonomy":"post_tag","embeddable":true,"href":"http:\/\/www.westerwaldverein-daaden.de\/blog\/wp-json\/wp\/v2\/tags?post=172"}],"curies":[{"name":"wp","href":"https:\/\/api.w.org\/{rel}","templated":true}]}}