{"id":2062,"date":"2013-11-15T20:15:40","date_gmt":"2013-11-15T19:15:40","guid":{"rendered":"http:\/\/www.westerwaldverein-daaden.de\/blog\/?p=2062"},"modified":"2013-11-29T07:42:10","modified_gmt":"2013-11-29T06:42:10","slug":"diavortrag-daaden-in-den-1950er-bis-1970er-jahren","status":"publish","type":"post","link":"http:\/\/www.westerwaldverein-daaden.de\/blog\/2013\/11\/15\/diavortrag-daaden-in-den-1950er-bis-1970er-jahren\/","title":{"rendered":"Dia-Vortrag ruft Erinnerungen an altes Daadener Ortsbild wach"},"content":{"rendered":"<p>Da ging schon manchmal ein Raunen von den mehr als 200 Zuschauern im Evangelischen Gemeindehaus aus. Erinnerungen wurden wach, wenn man die alten Fotos aus den Jahren von 1950 bis 1979 betrachtete.<\/p>\n<p>Ulrich Meyer hatte rund 180 Fotos zu einem Dia-Vortrag zusammengestellt, die alte Ortsansichten und viele ortsbildpr\u00e4gende Geb\u00e4ude aus der damaligen Zeit zeigten. Wie haben sich doch die Stra\u00dfenz\u00fcge ver\u00e4ndert, wie viele Geb\u00e4ude mit einer besonderen Geschichte sind verschwunden? Die M\u00fchlhof-und die Kirchenschule, Gesch\u00e4fte wie Rheika und Fuckert, die alte Metzgerei Schmidt, Doppel-Becker und der Gasthof \u201eZur Linde\u201c, das sind nur einige markante Beispiele.<\/p>\n<p><!--more--><\/p>\n<div class=\"center\"><a href=\"http:\/\/www.westerwaldverein-daaden.de\/blog\/wp-content\/uploads\/2013\/10\/lamprechtstra\u00dfe_diavortrag.jpg\" data-rel=\"lightbox-gallery-g5XBNQUJ\" data-rl_title=\"\" data-rl_caption=\"\" title=\"\"><img loading=\"lazy\" decoding=\"async\" src=\"http:\/\/www.westerwaldverein-daaden.de\/blog\/wp-content\/uploads\/2013\/10\/lamprechtstra\u00dfe_diavortrag-400x271.jpg\" alt=\"Lamprechtstra\u00dfe\" width=\"400\" height=\"271\" class=\"alignnone size-medium wp-image-2089\" srcset=\"http:\/\/www.westerwaldverein-daaden.de\/blog\/wp-content\/uploads\/2013\/10\/lamprechtstra\u00dfe_diavortrag-400x271.jpg 400w, http:\/\/www.westerwaldverein-daaden.de\/blog\/wp-content\/uploads\/2013\/10\/lamprechtstra\u00dfe_diavortrag.jpg 800w\" sizes=\"auto, (max-width: 400px) 100vw, 400px\" \/><\/a><br \/><small>Die Lamprechtstra\u00dfe fr\u00fcher (Zum Vergr\u00f6\u00dfern bitte anklicken)<\/small><\/div>\n<p>Gerade in diesen Jahren war die Zeit der gro\u00dfen Ver\u00e4nderungen im Daadener Ortskern. Die Ortskernsanierung hat Gesch\u00e4fts- und Wohnh\u00e4user, alte Scheunen und betagte B\u00e4ume verschwinden lassen, ganze Stra\u00dfenz\u00fcge haben sich ver\u00e4ndert und der Daadebach floss noch offen, nur mit dem \u201eBaachgel\u00e4nder\u201c abgesichert, durch Daaden. Das kannten viele der  j\u00fcngeren Zuschauer so nicht mehr, andere erinnerten sich gerne an diese Zeit. Der Dia-Vortrag hatte deshalb sicher diesen gro\u00dfen Zuspruch interessierter Zuschauer, die an diesem Abend noch mal so richtig in alten Erinnerungen schwelgen konnten. Heute stehen teils neue Geb\u00e4ude an diesen Orten. Stra\u00dfen sind verlegt oder begradigt worden. Daaden hat sich ver\u00e4ndert, ist aber trotzdem ein lebendiger Ort mit einem sch\u00f6nem Ortskern und einer  gem\u00fctlicher Atmosph\u00e4re geblieben. Hier l\u00e4sst es sich gut leben.<\/p>\n<p>Daf\u00fcr, dass man die alten Ortdansichten noch einmal so sehen und in sich Erinnerung rufen konnte, sei dem Arbeitskreis \u201eHeimatgeschichte Daadener Land\u201c, einer Abteilung im Westerwald-Verein Daaden e.V., und seinen Mitgliedern gedankt. Fotos aus Privatbest\u00e4nden Daadener B\u00fcrger wurden dem Arbeitskreis zur Verf\u00fcgung gestellt  und so konnte Ulrich Meyer mit eigenen Fotos und Fotos der Mitglieder einen Dia-Votrag zusammen stellen, der Emotionen bei den \u00c4lteren ausl\u00f6ste und den Zuschauern der j\u00fcngeren Generation sicher interessante Eindr\u00fccke vermittelte. <\/p>\n<div class=\"center\"><a href=\"http:\/\/www.westerwaldverein-daaden.de\/blog\/wp-content\/uploads\/2013\/10\/diavortrag_2013.jpg\" data-rel=\"lightbox-gallery-g5XBNQUJ\" data-rl_title=\"\" data-rl_caption=\"\" title=\"\"><img loading=\"lazy\" decoding=\"async\" src=\"http:\/\/www.westerwaldverein-daaden.de\/blog\/wp-content\/uploads\/2013\/10\/diavortrag_2013-387x400.jpg\" alt=\"Diavortrag 2013\" width=\"387\" height=\"400\" class=\"alignnone size-medium wp-image-2071\" srcset=\"http:\/\/www.westerwaldverein-daaden.de\/blog\/wp-content\/uploads\/2013\/10\/diavortrag_2013-387x400.jpg 387w, http:\/\/www.westerwaldverein-daaden.de\/blog\/wp-content\/uploads\/2013\/10\/diavortrag_2013.jpg 800w\" sizes=\"auto, (max-width: 387px) 100vw, 387px\" \/><\/a><br \/><small>(Zum Vergr\u00f6\u00dfern bitte anklicken)<\/small><\/div>\n","protected":false},"excerpt":{"rendered":"<p>Da ging schon manchmal ein Raunen von den mehr als 200 Zuschauern im Evangelischen Gemeindehaus aus. Erinnerungen wurden wach, wenn man die alten Fotos aus den Jahren von 1950 bis 1979 betrachtete. Ulrich Meyer hatte rund 180 Fotos zu einem Dia-Vortrag zusammengestellt, die alte Ortsansichten und viele ortsbildpr\u00e4gende Geb\u00e4ude aus der damaligen Zeit zeigten. Wie [&hellip;]<\/p>\n","protected":false},"author":2,"featured_media":0,"comment_status":"closed","ping_status":"closed","sticky":false,"template":"","format":"standard","meta":{"footnotes":""},"categories":[3],"tags":[],"class_list":["post-2062","post","type-post","status-publish","format-standard","hentry","category-heimatgeschichte"],"_links":{"self":[{"href":"http:\/\/www.westerwaldverein-daaden.de\/blog\/wp-json\/wp\/v2\/posts\/2062","targetHints":{"allow":["GET"]}}],"collection":[{"href":"http:\/\/www.westerwaldverein-daaden.de\/blog\/wp-json\/wp\/v2\/posts"}],"about":[{"href":"http:\/\/www.westerwaldverein-daaden.de\/blog\/wp-json\/wp\/v2\/types\/post"}],"author":[{"embeddable":true,"href":"http:\/\/www.westerwaldverein-daaden.de\/blog\/wp-json\/wp\/v2\/users\/2"}],"replies":[{"embeddable":true,"href":"http:\/\/www.westerwaldverein-daaden.de\/blog\/wp-json\/wp\/v2\/comments?post=2062"}],"version-history":[{"count":3,"href":"http:\/\/www.westerwaldverein-daaden.de\/blog\/wp-json\/wp\/v2\/posts\/2062\/revisions"}],"predecessor-version":[{"id":2104,"href":"http:\/\/www.westerwaldverein-daaden.de\/blog\/wp-json\/wp\/v2\/posts\/2062\/revisions\/2104"}],"wp:attachment":[{"href":"http:\/\/www.westerwaldverein-daaden.de\/blog\/wp-json\/wp\/v2\/media?parent=2062"}],"wp:term":[{"taxonomy":"category","embeddable":true,"href":"http:\/\/www.westerwaldverein-daaden.de\/blog\/wp-json\/wp\/v2\/categories?post=2062"},{"taxonomy":"post_tag","embeddable":true,"href":"http:\/\/www.westerwaldverein-daaden.de\/blog\/wp-json\/wp\/v2\/tags?post=2062"}],"curies":[{"name":"wp","href":"https:\/\/api.w.org\/{rel}","templated":true}]}}