{"id":2086,"date":"2013-11-15T20:00:31","date_gmt":"2013-11-15T19:00:31","guid":{"rendered":"http:\/\/www.westerwaldverein-daaden.de\/blog\/?p=2086"},"modified":"2013-11-15T20:17:33","modified_gmt":"2013-11-15T19:17:33","slug":"schoene-wanderung-auf-den-hoehen-des-westerwaldes","status":"publish","type":"post","link":"http:\/\/www.westerwaldverein-daaden.de\/blog\/2013\/11\/15\/schoene-wanderung-auf-den-hoehen-des-westerwaldes\/","title":{"rendered":"Sch\u00f6ne Wanderung auf den H\u00f6hen des Westerwaldes"},"content":{"rendered":"<p>Das war ein Wetter, was man im November auf den H\u00f6hen des Westerwaldes schon  erwarten kann. Es war etwas diesig, aber trotzdem gab es mit dem sch\u00f6nen Blick \u00fcber die bunt gef\u00e4rbte Landschaft und die D\u00f6rfer des Westerwaldes immer wieder neue und  interessante Eindr\u00fccke  zu gewinnen.<\/p>\n<p><!--more--><\/p>\n<div class=\"center\"><a href=\"http:\/\/www.westerwaldverein-daaden.de\/blog\/wp-content\/uploads\/2013\/11\/hoehn_2013_11.jpg\" data-rel=\"lightbox-gallery-uV0u3fKW\" data-rl_title=\"\" data-rl_caption=\"\" title=\"\"><img loading=\"lazy\" decoding=\"async\" src=\"http:\/\/www.westerwaldverein-daaden.de\/blog\/wp-content\/uploads\/2013\/11\/hoehn_2013_11-400x265.jpg\" alt=\"hoehn_2013_11\" width=\"400\" height=\"265\" class=\"alignnone size-medium wp-image-2087\" srcset=\"http:\/\/www.westerwaldverein-daaden.de\/blog\/wp-content\/uploads\/2013\/11\/hoehn_2013_11-400x265.jpg 400w, http:\/\/www.westerwaldverein-daaden.de\/blog\/wp-content\/uploads\/2013\/11\/hoehn_2013_11.jpg 800w\" sizes=\"auto, (max-width: 400px) 100vw, 400px\" \/><\/a><br \/><small>(Zum Vergr\u00f6\u00dfern bitte anklicken)<\/small><\/div>\n<p>24 Wanderer waren der Einladung von Petra und Karl-Ernst Weinbrenner gefolgt und wanderten rund um H\u00f6hn, Neustadt und Fehl-Ritzhausen, auf einer Rundtour von zirka 13 Kilometer.  Es war eine sch\u00f6ne Herbsttwanderung, so auch die einstimmige Meinung der Daadener  Wanderfreunde. Diesmal gab es keine gro\u00dfen Steigungen, nur etwas Gegenwind und so waren die Wanderer auch wieder schnell am Ziel angelangt. Bei der Schlussrast in H\u00f6hn konnten sich dann alle wieder aufw\u00e4rmen und st\u00e4rken.<\/p>\n","protected":false},"excerpt":{"rendered":"<p>Das war ein Wetter, was man im November auf den H\u00f6hen des Westerwaldes schon erwarten kann. Es war etwas diesig, aber trotzdem gab es mit dem sch\u00f6nen Blick \u00fcber die bunt gef\u00e4rbte Landschaft und die D\u00f6rfer des Westerwaldes immer wieder neue und interessante Eindr\u00fccke zu gewinnen.<\/p>\n","protected":false},"author":2,"featured_media":0,"comment_status":"closed","ping_status":"closed","sticky":false,"template":"","format":"standard","meta":{"footnotes":""},"categories":[5],"tags":[],"class_list":["post-2086","post","type-post","status-publish","format-standard","hentry","category-wanderungen"],"_links":{"self":[{"href":"http:\/\/www.westerwaldverein-daaden.de\/blog\/wp-json\/wp\/v2\/posts\/2086","targetHints":{"allow":["GET"]}}],"collection":[{"href":"http:\/\/www.westerwaldverein-daaden.de\/blog\/wp-json\/wp\/v2\/posts"}],"about":[{"href":"http:\/\/www.westerwaldverein-daaden.de\/blog\/wp-json\/wp\/v2\/types\/post"}],"author":[{"embeddable":true,"href":"http:\/\/www.westerwaldverein-daaden.de\/blog\/wp-json\/wp\/v2\/users\/2"}],"replies":[{"embeddable":true,"href":"http:\/\/www.westerwaldverein-daaden.de\/blog\/wp-json\/wp\/v2\/comments?post=2086"}],"version-history":[{"count":1,"href":"http:\/\/www.westerwaldverein-daaden.de\/blog\/wp-json\/wp\/v2\/posts\/2086\/revisions"}],"predecessor-version":[{"id":2088,"href":"http:\/\/www.westerwaldverein-daaden.de\/blog\/wp-json\/wp\/v2\/posts\/2086\/revisions\/2088"}],"wp:attachment":[{"href":"http:\/\/www.westerwaldverein-daaden.de\/blog\/wp-json\/wp\/v2\/media?parent=2086"}],"wp:term":[{"taxonomy":"category","embeddable":true,"href":"http:\/\/www.westerwaldverein-daaden.de\/blog\/wp-json\/wp\/v2\/categories?post=2086"},{"taxonomy":"post_tag","embeddable":true,"href":"http:\/\/www.westerwaldverein-daaden.de\/blog\/wp-json\/wp\/v2\/tags?post=2086"}],"curies":[{"name":"wp","href":"https:\/\/api.w.org\/{rel}","templated":true}]}}