{"id":2114,"date":"2013-12-23T19:20:14","date_gmt":"2013-12-23T18:20:14","guid":{"rendered":"http:\/\/www.westerwaldverein-daaden.de\/blog\/?p=2114"},"modified":"2013-12-23T19:20:14","modified_gmt":"2013-12-23T18:20:14","slug":"westerwald-verein-daaden-beendete-das-wanderjahr-2013","status":"publish","type":"post","link":"http:\/\/www.westerwaldverein-daaden.de\/blog\/2013\/12\/23\/westerwald-verein-daaden-beendete-das-wanderjahr-2013\/","title":{"rendered":"Westerwald-Verein Daaden beendete das Wanderjahr 2013"},"content":{"rendered":"<p>Mit der Jahresabschlusswanderung fand das Wanderjahr 2013 traditionell seinen Abschluss. Auch diesmal waren es wieder viele, ja fast 60 Wanderinnen und Wanderer, die sich in zwei Gruppen bei  gutem Wanderwetter auf den Weg machten, um auf dem Daadener Panoramaweg eine kurze, aber sch\u00f6ne Rundtour zu unternehmen. <\/p>\n<p><!--more--><\/p>\n<div class=\"center\"><img loading=\"lazy\" decoding=\"async\" src=\"http:\/\/www.westerwaldverein-daaden.de\/blog\/wp-content\/uploads\/2013\/12\/abschlusswanderung_2013_1.jpg\" alt=\"abschlusswanderung_2013_1\" width=\"400\" height=\"300\" class=\"alignnone size-full wp-image-2115\" \/><\/div>\n<p>Die Wanderroute f\u00fchrte vom Festplatz \u00fcber den Silberberg und dann weiter etwas abgewandelt oberhalb vom Denkmal \u00fcber den Hahnenkopf.  Hier oben bot sich teilweise ein herrlicher Weitblick \u00fcber den Ortskern von Daaden bis weit ins Daadetal hinein.  <\/p>\n<div class=\"center\"><a href=\"http:\/\/www.westerwaldverein-daaden.de\/blog\/wp-content\/uploads\/2013\/12\/abschlusswanderung_2013_2.jpg\" data-rel=\"lightbox-gallery-xi3IHktE\" data-rl_title=\"\" data-rl_caption=\"\" title=\"\"><img loading=\"lazy\" decoding=\"async\" src=\"http:\/\/www.westerwaldverein-daaden.de\/blog\/wp-content\/uploads\/2013\/12\/abschlusswanderung_2013_2-400x300.jpg\" alt=\"abschlusswanderung_2013_2\" width=\"400\" height=\"300\" class=\"alignnone size-medium wp-image-2116\" srcset=\"http:\/\/www.westerwaldverein-daaden.de\/blog\/wp-content\/uploads\/2013\/12\/abschlusswanderung_2013_2-400x300.jpg 400w, http:\/\/www.westerwaldverein-daaden.de\/blog\/wp-content\/uploads\/2013\/12\/abschlusswanderung_2013_2.jpg 800w\" sizes=\"auto, (max-width: 400px) 100vw, 400px\" \/><\/a><br \/><small>(Zum Vergr\u00f6\u00dfern bitte anklicken)<\/small><\/div>\n<p>P\u00fcnktlich gegen Mittag trafen dann alle zum gemeinsamen Mittagessen im Gasthof Koch ein. Der Saal war sehr sch\u00f6n und weihnachtlich geschm\u00fcckt, die Tische festlich gedeckt und bei brennendem Kamin konnten sich die Wanderfreunde wieder gut aufw\u00e4rmen. Ein leckeres Mittagsmahl, das allen sehr gut geschmeckt hat, war somit Abschluss und Lohn eines wieder erfolgreichen Wanderjahres. Bei den regen Gespr\u00e4chen in dieser sch\u00f6nen Atmosph\u00e4re konnte auch manches Wandererlebnis wieder aufgefrischt werden. <\/p>\n<div class=\"center\"><img loading=\"lazy\" decoding=\"async\" src=\"http:\/\/www.westerwaldverein-daaden.de\/blog\/wp-content\/uploads\/2013\/12\/abschlusswanderung_2013_3.jpg\" alt=\"abschlusswanderung_2013_3\" width=\"400\" height=\"300\" class=\"alignnone size-full wp-image-2117\" \/><\/div>\n<p>Vorsitzender Gisbert Weber hatte sich zuvor bei allen f\u00fcr ihr Mitwirken und dem Einsatz f\u00fcr den Verein im Jahr 2013 bedankt und gab einen kurzen Ausblick auf das Wanderjahr 2014, verbunden mit den besten W\u00fcnschen zum Weihnachtsfest und zum neuen Jahr. Dem vorausgegangen war die Verteilung der neuen Wanderpl\u00e4ne, die auch diesmal wieder ein sicher umfassendes Wander- und Veranstaltungsprogramm beinhalten. Hierzu sind schon jetzt alle B\u00fcrger des Daadener Landes und dar\u00fcber hinaus auch Freunde und G\u00e4ste aus den angrenzenden Orten  herzlich eingeladen.<\/p>\n","protected":false},"excerpt":{"rendered":"<p>Mit der Jahresabschlusswanderung fand das Wanderjahr 2013 traditionell seinen Abschluss. Auch diesmal waren es wieder viele, ja fast 60 Wanderinnen und Wanderer, die sich in zwei Gruppen bei gutem Wanderwetter auf den Weg machten, um auf dem Daadener Panoramaweg eine kurze, aber sch\u00f6ne Rundtour zu unternehmen.<\/p>\n","protected":false},"author":2,"featured_media":0,"comment_status":"closed","ping_status":"closed","sticky":false,"template":"","format":"standard","meta":{"footnotes":""},"categories":[5],"tags":[],"class_list":["post-2114","post","type-post","status-publish","format-standard","hentry","category-wanderungen"],"_links":{"self":[{"href":"http:\/\/www.westerwaldverein-daaden.de\/blog\/wp-json\/wp\/v2\/posts\/2114","targetHints":{"allow":["GET"]}}],"collection":[{"href":"http:\/\/www.westerwaldverein-daaden.de\/blog\/wp-json\/wp\/v2\/posts"}],"about":[{"href":"http:\/\/www.westerwaldverein-daaden.de\/blog\/wp-json\/wp\/v2\/types\/post"}],"author":[{"embeddable":true,"href":"http:\/\/www.westerwaldverein-daaden.de\/blog\/wp-json\/wp\/v2\/users\/2"}],"replies":[{"embeddable":true,"href":"http:\/\/www.westerwaldverein-daaden.de\/blog\/wp-json\/wp\/v2\/comments?post=2114"}],"version-history":[{"count":1,"href":"http:\/\/www.westerwaldverein-daaden.de\/blog\/wp-json\/wp\/v2\/posts\/2114\/revisions"}],"predecessor-version":[{"id":2118,"href":"http:\/\/www.westerwaldverein-daaden.de\/blog\/wp-json\/wp\/v2\/posts\/2114\/revisions\/2118"}],"wp:attachment":[{"href":"http:\/\/www.westerwaldverein-daaden.de\/blog\/wp-json\/wp\/v2\/media?parent=2114"}],"wp:term":[{"taxonomy":"category","embeddable":true,"href":"http:\/\/www.westerwaldverein-daaden.de\/blog\/wp-json\/wp\/v2\/categories?post=2114"},{"taxonomy":"post_tag","embeddable":true,"href":"http:\/\/www.westerwaldverein-daaden.de\/blog\/wp-json\/wp\/v2\/tags?post=2114"}],"curies":[{"name":"wp","href":"https:\/\/api.w.org\/{rel}","templated":true}]}}