{"id":2119,"date":"2013-12-24T11:52:52","date_gmt":"2013-12-24T10:52:52","guid":{"rendered":"http:\/\/www.westerwaldverein-daaden.de\/blog\/?p=2119"},"modified":"2013-12-24T14:10:44","modified_gmt":"2013-12-24T13:10:44","slug":"weihnachtsgruss_2013","status":"publish","type":"post","link":"http:\/\/www.westerwaldverein-daaden.de\/blog\/2013\/12\/24\/weihnachtsgruss_2013\/","title":{"rendered":"Weihnachtsgru\u00df"},"content":{"rendered":"<p><img loading=\"lazy\" decoding=\"async\" src=\"http:\/\/www.westerwaldverein-daaden.de\/blog\/wp-content\/uploads\/2013\/12\/weihnachtsgruss.jpg\" alt=\"weihnachtsgruss\" width=\"440\" height=\"331\" class=\"alignnone size-full wp-image-2121\" srcset=\"http:\/\/www.westerwaldverein-daaden.de\/blog\/wp-content\/uploads\/2013\/12\/weihnachtsgruss.jpg 440w, http:\/\/www.westerwaldverein-daaden.de\/blog\/wp-content\/uploads\/2013\/12\/weihnachtsgruss-400x300.jpg 400w\" sizes=\"auto, (max-width: 440px) 100vw, 440px\" \/><\/p>\n<p><strong>Der Westerwald-Verein Daaden w\u00fcnscht allen ein frohes und gesegnetes Weihnachtsfest.<\/p>\n<p>F\u00fcr das neue Jahr 2014 Gl\u00fcck, Wohlergehen und weiterhin eine friedvolle Zeit. Bleibt gesund oder werdet wieder gesund, damit wir gemeinsam noch viele sch\u00f6ne Wanderungen unternehmen k\u00f6nnen.<\/p>\n<p>&nbsp;&nbsp;&nbsp;&nbsp;&nbsp;<em>Westerwald-Verein Daaden e.V.<\/em><\/strong><\/p>\n","protected":false},"excerpt":{"rendered":"<p>Der Westerwald-Verein Daaden w\u00fcnscht allen ein frohes und gesegnetes Weihnachtsfest. F\u00fcr das neue Jahr 2014 Gl\u00fcck, Wohlergehen und weiterhin eine friedvolle Zeit. Bleibt gesund oder werdet wieder gesund, damit wir gemeinsam noch viele sch\u00f6ne Wanderungen unternehmen k\u00f6nnen. &nbsp;&nbsp;&nbsp;&nbsp;&nbsp;Westerwald-Verein Daaden e.V.<\/p>\n","protected":false},"author":2,"featured_media":0,"comment_status":"closed","ping_status":"closed","sticky":false,"template":"","format":"standard","meta":{"footnotes":""},"categories":[1],"tags":[],"class_list":["post-2119","post","type-post","status-publish","format-standard","hentry","category-allgemein"],"_links":{"self":[{"href":"http:\/\/www.westerwaldverein-daaden.de\/blog\/wp-json\/wp\/v2\/posts\/2119","targetHints":{"allow":["GET"]}}],"collection":[{"href":"http:\/\/www.westerwaldverein-daaden.de\/blog\/wp-json\/wp\/v2\/posts"}],"about":[{"href":"http:\/\/www.westerwaldverein-daaden.de\/blog\/wp-json\/wp\/v2\/types\/post"}],"author":[{"embeddable":true,"href":"http:\/\/www.westerwaldverein-daaden.de\/blog\/wp-json\/wp\/v2\/users\/2"}],"replies":[{"embeddable":true,"href":"http:\/\/www.westerwaldverein-daaden.de\/blog\/wp-json\/wp\/v2\/comments?post=2119"}],"version-history":[{"count":3,"href":"http:\/\/www.westerwaldverein-daaden.de\/blog\/wp-json\/wp\/v2\/posts\/2119\/revisions"}],"predecessor-version":[{"id":2125,"href":"http:\/\/www.westerwaldverein-daaden.de\/blog\/wp-json\/wp\/v2\/posts\/2119\/revisions\/2125"}],"wp:attachment":[{"href":"http:\/\/www.westerwaldverein-daaden.de\/blog\/wp-json\/wp\/v2\/media?parent=2119"}],"wp:term":[{"taxonomy":"category","embeddable":true,"href":"http:\/\/www.westerwaldverein-daaden.de\/blog\/wp-json\/wp\/v2\/categories?post=2119"},{"taxonomy":"post_tag","embeddable":true,"href":"http:\/\/www.westerwaldverein-daaden.de\/blog\/wp-json\/wp\/v2\/tags?post=2119"}],"curies":[{"name":"wp","href":"https:\/\/api.w.org\/{rel}","templated":true}]}}