{"id":2127,"date":"2014-01-04T21:01:44","date_gmt":"2014-01-04T20:01:44","guid":{"rendered":"http:\/\/www.westerwaldverein-daaden.de\/blog\/?p=2127"},"modified":"2014-01-04T21:02:12","modified_gmt":"2014-01-04T20:02:12","slug":"fackelwanderung-2013-des-westerwald-vereins-daaden","status":"publish","type":"post","link":"http:\/\/www.westerwaldverein-daaden.de\/blog\/2014\/01\/04\/fackelwanderung-2013-des-westerwald-vereins-daaden\/","title":{"rendered":"Fackelwanderung 2013"},"content":{"rendered":"<p>Das waren nicht gerade die besten Bedingungen f\u00fcr eine Fackelwanderung. Denn an dem vorgesehenen Fackelwandertag am Samstag nach Weihnachten, hatte es schon morgens fr\u00fch  angefangen zu regnen. Zum Beginn der Fackelwanderung h\u00f6rte es dann zwar auf zu regnen, aber es hatten sich doch viele entschieden, zuhause in der trockenen Stube zu bleiben.<\/p>\n<p><!--more--><\/p>\n<div class=\"center\"><img loading=\"lazy\" decoding=\"async\" src=\"http:\/\/www.westerwaldverein-daaden.de\/blog\/wp-content\/uploads\/2014\/01\/fackelwanderung_2013_1.jpg\" alt=\"fackelwanderung_2013_1\" width=\"400\" height=\"300\" class=\"alignnone size-full wp-image-2128\" \/><\/div>\n<p>So waren es nur etwas mehr als zwanzig Kinder und Erwachsene, die mit Fackeln best\u00fcckt von der Daadener Volksbank \u00fcber die Lamprechtstra\u00dfe und die Stra\u00dfe  \u201eIm Reusche W\u00e4ldchen\u201c dann hoch zum Silberberg wanderten. <\/p>\n<div class=\"center\"><img loading=\"lazy\" decoding=\"async\" src=\"http:\/\/www.westerwaldverein-daaden.de\/blog\/wp-content\/uploads\/2014\/01\/fackelwanderung_2013_2.jpg\" alt=\"fackelwanderung_2013_2\" width=\"400\" height=\"300\" class=\"alignnone size-full wp-image-2129\" \/><\/div>\n<p>Den Kindern hat es aber viel Freude gemacht, mit einer Fackel durch die dunklen Stra\u00dfen auf die H\u00f6hen \u00fcber Daaden  zu ziehen. Der R\u00fcckweg f\u00fchrte danach direkt bergab zum Gasthof Andres. Hier kehrten die Wanderer zur Schlussrast ein, wobei die Kinder noch eine kleine \u00dcberraschung erwartete.  <\/p>\n","protected":false},"excerpt":{"rendered":"<p>Das waren nicht gerade die besten Bedingungen f\u00fcr eine Fackelwanderung. Denn an dem vorgesehenen Fackelwandertag am Samstag nach Weihnachten, hatte es schon morgens fr\u00fch angefangen zu regnen. Zum Beginn der Fackelwanderung h\u00f6rte es dann zwar auf zu regnen, aber es hatten sich doch viele entschieden, zuhause in der trockenen Stube zu bleiben.<\/p>\n","protected":false},"author":2,"featured_media":0,"comment_status":"closed","ping_status":"closed","sticky":false,"template":"","format":"standard","meta":{"footnotes":""},"categories":[5],"tags":[],"class_list":["post-2127","post","type-post","status-publish","format-standard","hentry","category-wanderungen"],"_links":{"self":[{"href":"http:\/\/www.westerwaldverein-daaden.de\/blog\/wp-json\/wp\/v2\/posts\/2127","targetHints":{"allow":["GET"]}}],"collection":[{"href":"http:\/\/www.westerwaldverein-daaden.de\/blog\/wp-json\/wp\/v2\/posts"}],"about":[{"href":"http:\/\/www.westerwaldverein-daaden.de\/blog\/wp-json\/wp\/v2\/types\/post"}],"author":[{"embeddable":true,"href":"http:\/\/www.westerwaldverein-daaden.de\/blog\/wp-json\/wp\/v2\/users\/2"}],"replies":[{"embeddable":true,"href":"http:\/\/www.westerwaldverein-daaden.de\/blog\/wp-json\/wp\/v2\/comments?post=2127"}],"version-history":[{"count":2,"href":"http:\/\/www.westerwaldverein-daaden.de\/blog\/wp-json\/wp\/v2\/posts\/2127\/revisions"}],"predecessor-version":[{"id":2131,"href":"http:\/\/www.westerwaldverein-daaden.de\/blog\/wp-json\/wp\/v2\/posts\/2127\/revisions\/2131"}],"wp:attachment":[{"href":"http:\/\/www.westerwaldverein-daaden.de\/blog\/wp-json\/wp\/v2\/media?parent=2127"}],"wp:term":[{"taxonomy":"category","embeddable":true,"href":"http:\/\/www.westerwaldverein-daaden.de\/blog\/wp-json\/wp\/v2\/categories?post=2127"},{"taxonomy":"post_tag","embeddable":true,"href":"http:\/\/www.westerwaldverein-daaden.de\/blog\/wp-json\/wp\/v2\/tags?post=2127"}],"curies":[{"name":"wp","href":"https:\/\/api.w.org\/{rel}","templated":true}]}}