{"id":2136,"date":"2014-01-25T11:20:07","date_gmt":"2014-01-25T10:20:07","guid":{"rendered":"http:\/\/www.westerwaldverein-daaden.de\/blog\/?p=2136"},"modified":"2014-01-25T11:20:53","modified_gmt":"2014-01-25T10:20:53","slug":"siegfried-huette-auf-dem-stegskopf-vor-100-jahren-eingeweiht","status":"publish","type":"post","link":"http:\/\/www.westerwaldverein-daaden.de\/blog\/2014\/01\/25\/siegfried-huette-auf-dem-stegskopf-vor-100-jahren-eingeweiht\/","title":{"rendered":"Siegfried-H\u00fctte auf dem Stegskopf vor 100 Jahren eingeweiht"},"content":{"rendered":"<p>Am 30. November 2013 w\u00e4re die Siegfried-H\u00fctte 100 Jahre alt geworden. Doch schon 1958 kam das Aus f\u00fcr die Ski- und Wanderh\u00fctte. Nachdem die Bundeswehr den Stegskopf als Truppen\u00fcbungsplatz \u00fcbernommen hatte, wurde diese bis auf die Grundfesten abgerissen. <\/p>\n<p>Anl\u00e4sslich einer kleinen Jubil\u00e4umsfeier im Geb\u00e4ude 26 des Truppenlagers auf dem Stegskopf, konnten nun rund 50 G\u00e4ste nur noch in Erinnerungen schwelgen und bei der Besichtigung des historischen Standortes der Ski- und Wanderh\u00fctte nur die Fundamentreste erkennen.<\/p>\n<p><!--more-->Armin Wilhelm aus Derschen hatte zu Ehren des Initiators und des Namensgebers Siegfried Koch eingeladen und die kleine Gedenkfeier organisiert. Angereist zum kleinen Jubil\u00e4um waren auch die Nachkommen von Siegfried Koch (2 Enkelinnen und 1 Enkel), die teils mit ihren Partner die lange Anfahrt auf sich genommen hatten um dabei zu sein. <\/p>\n<p>Nach der Begr\u00fc\u00dfung der G\u00e4ste durch Armin Wilhelm sprachen als Gastgeber der derzeitige Lagerleiter, Hauptmann Andreas Becker, sowie Landrat Michael Lieber und Daadens B\u00fcrgermeister Wolfgang Schneider jeweils ein Gru\u00dfwort. Alle wiesen in ihren Ansprachen auf die Pionierleistung von Siegfried Koch f\u00fcr den Winter- und den Skisport hin, der durch ihn hier auf dem Stegskopf seinen Anfang genommen hatte. Sie w\u00fcnschten sich, dass in Zukunft hier auf dem Stegskopfgel\u00e4nde wieder Wintersport stattfinden kann.<\/p>\n<p>Einige Ortsb\u00fcrgermeisterinnen und B\u00fcrgermeister der angrenzenden Gemeinden, ehemalige Lagerkommandanten und der Revierf\u00f6rster waren ebenso unter den G\u00e4sten wie eine Abordnung vom Skiverein Emmerzhausen.<\/p>\n<p>Vom Westerwald-Verein Daaden e.V,.als damaliger Eigent\u00fcmer der Siegfried-H\u00fctte, waren Vertreter vom Vorstand und vom  Arbeitskreis \u201eHeimatgeschichte Daadener Land\u201c anwesend. Noch heute bedauern viele vom  Westerwald-Verein Daaden, dass sowohl die H\u00fctte als auch der in der N\u00e4he befindliche Aussichtsturm dann von der Bundeswehr abgerissen wurde. Die H\u00fctte diente nicht nur dem Wintersport, sondern war auch Ziel- und Treffpunkt f\u00fcr viele Wanderer. Aufzeichnungen in den noch vorhandenen alten H\u00fctteb\u00fccher zeugen von der Betriebsamkeit \u00fcber die ganzen Jahre. Aus allen Bereichen kamen seinerzeit die Wanderer um hier zu \u00fcbernachten und die sch\u00f6ne Landschaft zu genie\u00dfen.<\/p>\n<div class=\"center\"><img loading=\"lazy\" decoding=\"async\" src=\"http:\/\/www.westerwaldverein-daaden.de\/blog\/wp-content\/uploads\/2014\/01\/100_jahre_siegfriedhuette_2.jpg\" alt=\"100_jahre_siegfriedhuette_2\" width=\"400\" height=\"300\" class=\"alignnone size-full wp-image-2138\" \/><br \/><small>Daadequelle \u201eSonnenscheins B\u00f6rnchen\u201c<\/small><\/div>\n<p>Nachdem Armin Wilhelm in seinen kleinen geschichtlichen Beitrag mit interessanten alten Fotos zur Siegfried-H\u00fctte all diese Gegebenheiten noch mal in Erinnerung gerufen und an die verschiedenen Wintersportanlagen wie die  Rodelbahn und die  ersten Skiflugschanze erinnert hatte, machten sich eine Gro\u00dfzahl der G\u00e4ste auf zum Standort der ehemaligen H\u00fctte. Vorbei am \u201eSonnenscheins B\u00f6rnchen\u201c und dem Schacht der ehemaligen Braunkohlegrube Adolphsburg stand man endlich vor den von Moos \u00fcberwucherten Fundamenten der Siegfriedh\u00fctte.<\/p>\n<p>Wenn auch heute nur noch die Fundamente vorhanden waren und die Weitsicht an diesem Tag nicht so besonders gut war, so konnten doch alle ermessen, welch einen sch\u00f6nen Blick bis ins Sauerland und immerhin bis zum Siebengebirge man von hier seinerzeit genie\u00dfen konnte.  <\/p>\n<div class=\"center\"><img loading=\"lazy\" decoding=\"async\" src=\"http:\/\/www.westerwaldverein-daaden.de\/blog\/wp-content\/uploads\/2014\/01\/100_jahre_siegfriedhuette_1.jpg\" alt=\"100_jahre_siegfriedhuette_1\" width=\"400\" height=\"300\" class=\"alignnone size-full wp-image-2137\" \/><br \/><small>Dankrede Frau Heide Wahl<\/small><\/div>\n<p>Enkelin Frau Heide Wahl bedankte sich am historischen Standort der Siegfried-H\u00fctte bei allen f\u00fcr die sch\u00f6ne Feierstunde und w\u00fcnschte, dass der Stegskopf zuk\u00fcnftig auch wieder als Erholungsgebiet f\u00fcr Wanderer und Skisportler genutzt werden k\u00f6nne. \u201cHier haben viele Menschen viele gl\u00fcckliche Stunden verlebt\u201c, so ihre Worte.<\/p>\n<p>Ob der Stegskopf jedoch noch einmal Ziel einer Sternwanderung wie 1957, als mehr als 2.000 Wanderer sich an der Siegfried-H\u00fctte trafen, werden kann, das ist sicher ein sch\u00f6ner und gut gemeinter Wunsch. Es wird erst die Zukunft zeigen, ob gerade dieser Bereich wieder f\u00fcr Freizeitaktivit\u00e4ten zur Verf\u00fcgung stehen wird.<\/p>\n","protected":false},"excerpt":{"rendered":"<p>Am 30. November 2013 w\u00e4re die Siegfried-H\u00fctte 100 Jahre alt geworden. Doch schon 1958 kam das Aus f\u00fcr die Ski- und Wanderh\u00fctte. Nachdem die Bundeswehr den Stegskopf als Truppen\u00fcbungsplatz \u00fcbernommen hatte, wurde diese bis auf die Grundfesten abgerissen. Anl\u00e4sslich einer kleinen Jubil\u00e4umsfeier im Geb\u00e4ude 26 des Truppenlagers auf dem Stegskopf, konnten nun rund 50 G\u00e4ste [&hellip;]<\/p>\n","protected":false},"author":2,"featured_media":0,"comment_status":"closed","ping_status":"closed","sticky":false,"template":"","format":"standard","meta":{"footnotes":""},"categories":[3],"tags":[],"class_list":["post-2136","post","type-post","status-publish","format-standard","hentry","category-heimatgeschichte"],"_links":{"self":[{"href":"http:\/\/www.westerwaldverein-daaden.de\/blog\/wp-json\/wp\/v2\/posts\/2136","targetHints":{"allow":["GET"]}}],"collection":[{"href":"http:\/\/www.westerwaldverein-daaden.de\/blog\/wp-json\/wp\/v2\/posts"}],"about":[{"href":"http:\/\/www.westerwaldverein-daaden.de\/blog\/wp-json\/wp\/v2\/types\/post"}],"author":[{"embeddable":true,"href":"http:\/\/www.westerwaldverein-daaden.de\/blog\/wp-json\/wp\/v2\/users\/2"}],"replies":[{"embeddable":true,"href":"http:\/\/www.westerwaldverein-daaden.de\/blog\/wp-json\/wp\/v2\/comments?post=2136"}],"version-history":[{"count":2,"href":"http:\/\/www.westerwaldverein-daaden.de\/blog\/wp-json\/wp\/v2\/posts\/2136\/revisions"}],"predecessor-version":[{"id":2140,"href":"http:\/\/www.westerwaldverein-daaden.de\/blog\/wp-json\/wp\/v2\/posts\/2136\/revisions\/2140"}],"wp:attachment":[{"href":"http:\/\/www.westerwaldverein-daaden.de\/blog\/wp-json\/wp\/v2\/media?parent=2136"}],"wp:term":[{"taxonomy":"category","embeddable":true,"href":"http:\/\/www.westerwaldverein-daaden.de\/blog\/wp-json\/wp\/v2\/categories?post=2136"},{"taxonomy":"post_tag","embeddable":true,"href":"http:\/\/www.westerwaldverein-daaden.de\/blog\/wp-json\/wp\/v2\/tags?post=2136"}],"curies":[{"name":"wp","href":"https:\/\/api.w.org\/{rel}","templated":true}]}}