{"id":2156,"date":"2014-02-21T13:34:51","date_gmt":"2014-02-21T12:34:51","guid":{"rendered":"http:\/\/www.westerwaldverein-daaden.de\/blog\/?p=2156"},"modified":"2014-02-21T13:36:06","modified_gmt":"2014-02-21T12:36:06","slug":"einladung-zur-jahreshauptversammlung-2014","status":"publish","type":"post","link":"http:\/\/www.westerwaldverein-daaden.de\/blog\/2014\/02\/21\/einladung-zur-jahreshauptversammlung-2014\/","title":{"rendered":"Einladung zur Jahreshauptversammlung 2014"},"content":{"rendered":"<p><strong>Wann: Samstag, den 8. M\u00e4rz 2014 um 20.00 Uhr<\/strong><\/p>\n<p><strong>Wo: Gasthof Koch in Daaden<\/strong><\/p>\n<p><strong>Tagesordnung:<\/strong><\/p>\n<ol>\n<li>Er\u00f6ffnung und Begr\u00fc\u00dfung durch den Vorsitzenden<\/li>\n<li>Totenehrung: Walter Schweitzer, Lothar Jumel, Helmut Sturm<\/li>\n<li>a) Bericht des Vorsitzenden<br \/>\nb) Bericht des Wanderwartes<br \/>\nc) Bericht des Gesch\u00e4ftsf\u00fchrers und Kulturwartes<br \/>\nd) Bericht des Wege- und Naturschutzwartes<br \/>\ne) Bericht Arbeitskreis \u201eHeimatgeschichte Daadener Land\u201c<\/li>\n<li>Bericht des Schatzmeisters und der Kassenpr\u00fcfer<\/li>\n<li>Mitgliederehrungen<\/li>\n<li>Beschlussfassung zugelassener Mitglieder-Antr\u00e4ge<br \/>\nDie Antr\u00e4ge m\u00fcssen bis sp\u00e4testens 3. M\u00e4rz 2014 beim Vorsitzenden oder Gesch\u00e4ftsf\u00fchrer vorliegen.\n<\/li>\n<li>Verschiedenes<\/li>\n<\/ol>\n<p><strong>Familienabend:<\/strong><\/p>\n<p>Im Anschluss an die Jahreshauptversammlung sind alle Mitglieder mit Partner und Bekannten zum Familienabend herzlich eingeladen.<br \/>\nAuch alle Heimat- und Wanderfreunde, die sich dem Westerwald-Verein Daaden verbunden f\u00fchlen, sind ebenso herzlich eingeladen. <\/p>\n<p>Musik: Dieter Schmidt, Weitefeld<\/p>\n","protected":false},"excerpt":{"rendered":"<p>Wann: Samstag, den 8. M\u00e4rz 2014 um 20.00 Uhr Wo: Gasthof Koch in Daaden Tagesordnung: Er\u00f6ffnung und Begr\u00fc\u00dfung durch den Vorsitzenden Totenehrung: Walter Schweitzer, Lothar Jumel, Helmut Sturm a) Bericht des Vorsitzenden b) Bericht des Wanderwartes c) Bericht des Gesch\u00e4ftsf\u00fchrers und Kulturwartes d) Bericht des Wege- und Naturschutzwartes e) Bericht Arbeitskreis \u201eHeimatgeschichte Daadener Land\u201c Bericht [&hellip;]<\/p>\n","protected":false},"author":2,"featured_media":0,"comment_status":"closed","ping_status":"closed","sticky":false,"template":"","format":"standard","meta":{"footnotes":""},"categories":[1],"tags":[],"class_list":["post-2156","post","type-post","status-publish","format-standard","hentry","category-allgemein"],"_links":{"self":[{"href":"http:\/\/www.westerwaldverein-daaden.de\/blog\/wp-json\/wp\/v2\/posts\/2156","targetHints":{"allow":["GET"]}}],"collection":[{"href":"http:\/\/www.westerwaldverein-daaden.de\/blog\/wp-json\/wp\/v2\/posts"}],"about":[{"href":"http:\/\/www.westerwaldverein-daaden.de\/blog\/wp-json\/wp\/v2\/types\/post"}],"author":[{"embeddable":true,"href":"http:\/\/www.westerwaldverein-daaden.de\/blog\/wp-json\/wp\/v2\/users\/2"}],"replies":[{"embeddable":true,"href":"http:\/\/www.westerwaldverein-daaden.de\/blog\/wp-json\/wp\/v2\/comments?post=2156"}],"version-history":[{"count":2,"href":"http:\/\/www.westerwaldverein-daaden.de\/blog\/wp-json\/wp\/v2\/posts\/2156\/revisions"}],"predecessor-version":[{"id":2159,"href":"http:\/\/www.westerwaldverein-daaden.de\/blog\/wp-json\/wp\/v2\/posts\/2156\/revisions\/2159"}],"wp:attachment":[{"href":"http:\/\/www.westerwaldverein-daaden.de\/blog\/wp-json\/wp\/v2\/media?parent=2156"}],"wp:term":[{"taxonomy":"category","embeddable":true,"href":"http:\/\/www.westerwaldverein-daaden.de\/blog\/wp-json\/wp\/v2\/categories?post=2156"},{"taxonomy":"post_tag","embeddable":true,"href":"http:\/\/www.westerwaldverein-daaden.de\/blog\/wp-json\/wp\/v2\/tags?post=2156"}],"curies":[{"name":"wp","href":"https:\/\/api.w.org\/{rel}","templated":true}]}}