{"id":2161,"date":"2014-03-01T12:42:04","date_gmt":"2014-03-01T11:42:04","guid":{"rendered":"http:\/\/www.westerwaldverein-daaden.de\/blog\/?p=2161"},"modified":"2014-03-01T12:44:22","modified_gmt":"2014-03-01T11:44:22","slug":"wandern-auf-den-dauersberger-hoehen","status":"publish","type":"post","link":"http:\/\/www.westerwaldverein-daaden.de\/blog\/2014\/03\/01\/wandern-auf-den-dauersberger-hoehen\/","title":{"rendered":"Wandern auf den Dauersberger H\u00f6hen"},"content":{"rendered":"<p>Das hatten die Wanderf\u00fchrerinnen vom Westerwald-Verein Daaden voll im Griff: Ideales Wanderwetter brachte bei der ersten Tageswanderung immerhin 38 Wanderer zusammen, die unter der Wanderf\u00fchrung von Renate Greb eine sehr sch\u00f6ne Wanderung ins Gebhardshainer Land unternahmen. <\/p>\n<p><!--more--><\/p>\n<div class=\"center\"><a href=\"http:\/\/www.westerwaldverein-daaden.de\/blog\/wp-content\/uploads\/2014\/03\/dauersberg_2014_1.jpg\" title=\"\" data-rel=\"lightbox-gallery-7JiZVraI\" data-rl_title=\"\" data-rl_caption=\"\"><img loading=\"lazy\" decoding=\"async\" src=\"http:\/\/www.westerwaldverein-daaden.de\/blog\/wp-content\/uploads\/2014\/03\/dauersberg_2014_1-400x265.jpg\" alt=\"dauersberg_2014_1\" width=\"400\" height=\"265\" class=\"alignnone size-medium wp-image-2162\" srcset=\"http:\/\/www.westerwaldverein-daaden.de\/blog\/wp-content\/uploads\/2014\/03\/dauersberg_2014_1-400x265.jpg 400w, http:\/\/www.westerwaldverein-daaden.de\/blog\/wp-content\/uploads\/2014\/03\/dauersberg_2014_1.jpg 800w\" sizes=\"auto, (max-width: 400px) 100vw, 400px\" \/><\/a><br \/><small>Auf den H\u00f6hen von Dauersberg<br \/>(Zum Vergr\u00f6\u00dfern bitte anklicken)<\/small><\/div>\n<p>Die Tour begann in Alsdorf, f\u00fchrte dann hinauf nach Steineroth und \u00fcber die H\u00f6hen bei Dauersberg und weiter bis zum \u201eMobilheim\u201c bei Mittelhof. Von hier ging es wieder zur\u00fcck zum Gasthof Berghof, wo zum Mittagessen eingekehrt wurde. Die Route bot auch immerwieder tolle Fernsichten \u00fcber die Westerw\u00e4lder Landschaft. <\/p>\n<div class=\"center\"><a href=\"http:\/\/www.westerwaldverein-daaden.de\/blog\/wp-content\/uploads\/2014\/03\/dauersberg_2014_2.jpg\" title=\"\" data-rel=\"lightbox-gallery-7JiZVraI\" data-rl_title=\"\" data-rl_caption=\"\"><img loading=\"lazy\" decoding=\"async\" src=\"http:\/\/www.westerwaldverein-daaden.de\/blog\/wp-content\/uploads\/2014\/03\/dauersberg_2014_2-400x265.jpg\" alt=\"dauersberg_2014_2\" width=\"400\" height=\"265\" class=\"alignnone size-medium wp-image-2163\" srcset=\"http:\/\/www.westerwaldverein-daaden.de\/blog\/wp-content\/uploads\/2014\/03\/dauersberg_2014_2-400x265.jpg 400w, http:\/\/www.westerwaldverein-daaden.de\/blog\/wp-content\/uploads\/2014\/03\/dauersberg_2014_2.jpg 800w\" sizes=\"auto, (max-width: 400px) 100vw, 400px\" \/><\/a><br \/><small>Kleine Kapelle am Kreuzweg Betzdorf<br \/>(Zum Vergr\u00f6\u00dfern bitte anklicken)<\/small><\/div>\n<p>Gest\u00e4rkt traten die Wanderer danach den R\u00fcckweg nach Alsdorf an, wobei die letzte Teilstrecke \u00fcber den Betzdorfer Kreuzweg f\u00fchrte. Nat\u00fcrlich wurde auch die kleine Kapelle besichtigt, die nach der Renovierung einen guten Eindruck auf die Wandergruppe machte.<\/p>\n","protected":false},"excerpt":{"rendered":"<p>Das hatten die Wanderf\u00fchrerinnen vom Westerwald-Verein Daaden voll im Griff: Ideales Wanderwetter brachte bei der ersten Tageswanderung immerhin 38 Wanderer zusammen, die unter der Wanderf\u00fchrung von Renate Greb eine sehr sch\u00f6ne Wanderung ins Gebhardshainer Land unternahmen.<\/p>\n","protected":false},"author":2,"featured_media":0,"comment_status":"closed","ping_status":"closed","sticky":false,"template":"","format":"standard","meta":{"footnotes":""},"categories":[5],"tags":[],"class_list":["post-2161","post","type-post","status-publish","format-standard","hentry","category-wanderungen"],"_links":{"self":[{"href":"http:\/\/www.westerwaldverein-daaden.de\/blog\/wp-json\/wp\/v2\/posts\/2161","targetHints":{"allow":["GET"]}}],"collection":[{"href":"http:\/\/www.westerwaldverein-daaden.de\/blog\/wp-json\/wp\/v2\/posts"}],"about":[{"href":"http:\/\/www.westerwaldverein-daaden.de\/blog\/wp-json\/wp\/v2\/types\/post"}],"author":[{"embeddable":true,"href":"http:\/\/www.westerwaldverein-daaden.de\/blog\/wp-json\/wp\/v2\/users\/2"}],"replies":[{"embeddable":true,"href":"http:\/\/www.westerwaldverein-daaden.de\/blog\/wp-json\/wp\/v2\/comments?post=2161"}],"version-history":[{"count":2,"href":"http:\/\/www.westerwaldverein-daaden.de\/blog\/wp-json\/wp\/v2\/posts\/2161\/revisions"}],"predecessor-version":[{"id":2167,"href":"http:\/\/www.westerwaldverein-daaden.de\/blog\/wp-json\/wp\/v2\/posts\/2161\/revisions\/2167"}],"wp:attachment":[{"href":"http:\/\/www.westerwaldverein-daaden.de\/blog\/wp-json\/wp\/v2\/media?parent=2161"}],"wp:term":[{"taxonomy":"category","embeddable":true,"href":"http:\/\/www.westerwaldverein-daaden.de\/blog\/wp-json\/wp\/v2\/categories?post=2161"},{"taxonomy":"post_tag","embeddable":true,"href":"http:\/\/www.westerwaldverein-daaden.de\/blog\/wp-json\/wp\/v2\/tags?post=2161"}],"curies":[{"name":"wp","href":"https:\/\/api.w.org\/{rel}","templated":true}]}}