{"id":2177,"date":"2014-03-10T07:32:28","date_gmt":"2014-03-10T06:32:28","guid":{"rendered":"http:\/\/www.westerwaldverein-daaden.de\/blog\/?p=2177"},"modified":"2014-03-10T07:36:53","modified_gmt":"2014-03-10T06:36:53","slug":"jahresversammlung-und-familienabend-2014","status":"publish","type":"post","link":"http:\/\/www.westerwaldverein-daaden.de\/blog\/2014\/03\/10\/jahresversammlung-und-familienabend-2014\/","title":{"rendered":"Jahresversammlung und Familienabend 2014"},"content":{"rendered":"<p>Da in diesem Jahr keine Wahlen anstanden, waren die Berichte der Fachwarte, des Vorsitzenden und ganz besonders die Ehrungen langj\u00e4hriger Mitglieder der wichtigste Inhalt der Jahreshaupt&shy;versammlung im Gasthof Koch.<\/p>\n<p><!--more-->Geehrt wurde f\u00fcr 50 Jahre Mitgliedschaft die Verbandsgemeinde Daaden, die 1964 noch unter dem Namen  \u201eAmt Daaden\u201c dem damaligen \u201eVerkehrs- und Versch\u00f6nerungsverein f\u00fcr Daaden und Umgebung\u201c beigetreten ist.  Daadens B\u00fcrgermeister Wolfgang Schneider nahm pers\u00f6nlich an der Ehrung teil und erhielt ein Buchgeschenk  \u201eSagen des Westerwaldes\u201c.<\/p>\n<p>Schon 40 Jahre dabei ist Gisela Scheel und 25 Jahre Helga Weber. Beide erhielten aus der Hand des 2. Vorsitzenden Walter Lenz eine Blumenschale, die sicher den Fr\u00fchling ins Haus holen wird.<br \/>\nEinen sch\u00f6nen Bildband \u201eEntdeckungsreise durch das Kultur- und Wanderland Westerwald\u201c erhielt f\u00fcr 40 Jahre Horst Moritz, der leider wegen Krankheit nicht kommen konnte, sowie Ernst Weid und Gisbert Weber f\u00fcr 25 Jahre Mitgliedschaft.  <\/p>\n<p>In seinem Jahresbericht dankte der Vorsitzende Gisbert Weber allen Helfern und Wanderf\u00fchrern und ging noch einmal auf das 125 j\u00e4hrige Jubil\u00e4um des Hauptvereins ein. Er wies darauf hin, dass auch der Westerwald-Verein Daaden nach vorliegenden Unterlagen in diesem Jahr 120 Jahre alt wird. Somit steht in 5 Jahren auch hier ein Jubil\u00e4um an.<\/p>\n<p>Wanderwart Martin Schmidt lie\u00df das vergangene Wanderjahr nochmal Revue passieren und gab einen Ausblick auf 2014. Zur Ausstellung im Westerwald-Museum in Hachenburg, zu der auch Daaden mit den H\u00fcttenb\u00fccher der Siegfried-H\u00fctte beigetragen hat und zu einigen Terminen von Sonderveranstaltungen und Reiseangeboten des Hauptvereins, gab Kulturwart Jochem Hellmig Auskunft, w\u00e4hrend Wege- und Naturschutzwart Gerhard G\u00f6rg \u00fcber die Pflege des umfangreichen Wanderwegenetzes und die Seniorenwanderungen sprach.<\/p>\n<p>Ein umfangreiches Programm hat auch der Arbeitskreis \u201eHeimatgeschichte Daadener Land\u201c aufzuweisen. Ulrich Meyer berichtete, dass die Archivierung der Unterlagen, hier besonders der Nachlass von Alfred Schneider, doch sehr viel Arbeit macht, aber man sieht das Ende des Tunnels. Einen besonderen Hinweis hatte er, und zwar wies er auf die Vorbereitungen zur 800 Jahr-Feier von Daaden hin, die jetzt schon beginnen m\u00fcssen. <\/p>\n<p>Da beim Dia-Vortrag vom Vorjahr viele Leute wegen \u00dcberf\u00fcllung des Saales nach Hause gehen mussten, wird dieser Vortrag am 4. April 2014 wiederholt, k\u00fcndigte Ulrich Meyer an.<\/p>\n<p>All das kostet nat\u00fcrlich Geld, somit war der Kassenbericht vom Kassenwart Dieter Jung ein sehr wichtiger Programmpunkt. Doch Dieter Jung konnte die Versammlung beruhigen. Die Kassenlage ist gut, was auch die Kassenpr\u00fcfer bescheinigten. <\/p>\n<p>Damit war auch dann der offizielle Teil des Abends beendet und die Wanderfreunde gingen zum gem\u00fctlichen Teil \u00fcber. Dieter Schmidt mit seiner Partnerin hatte den musikalischen Part und machte mit sch\u00f6ner Musik gute Stimmung bis nach Mitternacht. Im Saal waren aber noch einige Pl\u00e4tze frei und es h\u00e4tten ruhig ein paar Mitglieder und Heimatfreunde mehr anwesend sein k\u00f6nnen. Doch es war wieder ein sch\u00f6ner Abend im sch\u00f6n geschm\u00fcckten Saal im Gasthofs Koch.<\/p>\n","protected":false},"excerpt":{"rendered":"<p>Da in diesem Jahr keine Wahlen anstanden, waren die Berichte der Fachwarte, des Vorsitzenden und ganz besonders die Ehrungen langj\u00e4hriger Mitglieder der wichtigste Inhalt der Jahreshaupt&shy;versammlung im Gasthof Koch.<\/p>\n","protected":false},"author":2,"featured_media":0,"comment_status":"closed","ping_status":"closed","sticky":false,"template":"","format":"standard","meta":{"footnotes":""},"categories":[1],"tags":[],"class_list":["post-2177","post","type-post","status-publish","format-standard","hentry","category-allgemein"],"_links":{"self":[{"href":"http:\/\/www.westerwaldverein-daaden.de\/blog\/wp-json\/wp\/v2\/posts\/2177","targetHints":{"allow":["GET"]}}],"collection":[{"href":"http:\/\/www.westerwaldverein-daaden.de\/blog\/wp-json\/wp\/v2\/posts"}],"about":[{"href":"http:\/\/www.westerwaldverein-daaden.de\/blog\/wp-json\/wp\/v2\/types\/post"}],"author":[{"embeddable":true,"href":"http:\/\/www.westerwaldverein-daaden.de\/blog\/wp-json\/wp\/v2\/users\/2"}],"replies":[{"embeddable":true,"href":"http:\/\/www.westerwaldverein-daaden.de\/blog\/wp-json\/wp\/v2\/comments?post=2177"}],"version-history":[{"count":2,"href":"http:\/\/www.westerwaldverein-daaden.de\/blog\/wp-json\/wp\/v2\/posts\/2177\/revisions"}],"predecessor-version":[{"id":2181,"href":"http:\/\/www.westerwaldverein-daaden.de\/blog\/wp-json\/wp\/v2\/posts\/2177\/revisions\/2181"}],"wp:attachment":[{"href":"http:\/\/www.westerwaldverein-daaden.de\/blog\/wp-json\/wp\/v2\/media?parent=2177"}],"wp:term":[{"taxonomy":"category","embeddable":true,"href":"http:\/\/www.westerwaldverein-daaden.de\/blog\/wp-json\/wp\/v2\/categories?post=2177"},{"taxonomy":"post_tag","embeddable":true,"href":"http:\/\/www.westerwaldverein-daaden.de\/blog\/wp-json\/wp\/v2\/tags?post=2177"}],"curies":[{"name":"wp","href":"https:\/\/api.w.org\/{rel}","templated":true}]}}