{"id":2276,"date":"2014-08-02T18:36:40","date_gmt":"2014-08-02T16:36:40","guid":{"rendered":"http:\/\/www.westerwaldverein-daaden.de\/blog\/?p=2276"},"modified":"2014-08-02T18:39:37","modified_gmt":"2014-08-02T16:39:37","slug":"waldgottesdienst-hatte-wieder-viele-besucher","status":"publish","type":"post","link":"http:\/\/www.westerwaldverein-daaden.de\/blog\/2014\/08\/02\/waldgottesdienst-hatte-wieder-viele-besucher\/","title":{"rendered":"Waldgottesdienst hatte wieder viele Besucher"},"content":{"rendered":"<p>Einen festen Platz im Jahresprogramm des Westerwald-Vereins Daaden hat inzwischen schon seit mehr als 10 Jahren der Waldgottesdienst, der Ende Juli bzw. Anfang August mit der evangelischen Kirchengemeinde Daaden veranstaltet wird. Auch in diesem Jahr waren es wieder viele Besucher, die bei idealen Wetterbedingungen zur Wilhelm-Fischbach-H\u00fctte str\u00f6mten. Vereinsmitglieder hatten schon alles vorbereitet, damit die Wanderer und G\u00e4ste auch alle ihren Sitzplatz einnehmen konnten.<\/p>\n<p><!--more--><\/p>\n<div class=\"center\"><img loading=\"lazy\" decoding=\"async\" src=\"http:\/\/www.westerwaldverein-daaden.de\/blog\/wp-content\/uploads\/2014\/08\/wgd_2014_11.jpg\" alt=\"wgd_2014_1\" width=\"400\" height=\"300\" class=\"alignnone size-full wp-image-2286\" \/><\/div>\n<p>Vorsitzender Gisbert Weber vom WWV Daaden begr\u00fc\u00dfte die  mehr als 150 Besucher. Sein besonderer Gru\u00df galt der Gemeindereferendarin Barbara Pottmann, die den Gottesdienst hielt und in ihrem Predigttext besonders auf die Nachbarschaftshilfe einging. \u201eWie nehmen wir Nachbarn, die Familien und Freunde wahr?\u201c<\/p>\n<div class=\"center\"><img loading=\"lazy\" decoding=\"async\" src=\"http:\/\/www.westerwaldverein-daaden.de\/blog\/wp-content\/uploads\/2014\/08\/wgd_2014_2.jpg\" alt=\"wgd_2014_2\" width=\"400\" height=\"300\" class=\"alignnone size-full wp-image-2279\" \/><\/p>\n<p><img loading=\"lazy\" decoding=\"async\" src=\"http:\/\/www.westerwaldverein-daaden.de\/blog\/wp-content\/uploads\/2014\/08\/wgd_2014_4.jpg\" alt=\"wgd_2014_4\" width=\"400\" height=\"300\" class=\"alignnone size-full wp-image-2281\" \/><\/div>\n<p>Den feierlichen Rahmen gab auch diesmal wieder der Gemischte Chor Daaden mit seinem Dirigenten Roland Imh\u00e4user, verst\u00e4rkt mit S\u00e4ngerinnen und S\u00e4nger von Weitefeld. <\/p>\n<div class=\"center\"><img loading=\"lazy\" decoding=\"async\" src=\"http:\/\/www.westerwaldverein-daaden.de\/blog\/wp-content\/uploads\/2014\/08\/wgd_2014_3.jpg\" alt=\"wgd_2014_3\" width=\"300\" height=\"400\" class=\"alignnone size-full wp-image-2280\" \/><\/div>\n<p>Hartmut Sturm mit seiner Trompete er\u00f6ffnete den Waldgottesdienst und begleitete auch die Gottesdienstbesucher beim Singen der Kirchenlieder. <\/p>\n<div class=\"center\"><img loading=\"lazy\" decoding=\"async\" src=\"http:\/\/www.westerwaldverein-daaden.de\/blog\/wp-content\/uploads\/2014\/08\/wgd_2014_5.jpg\" alt=\"wgd_2014_5\" width=\"400\" height=\"300\" class=\"alignnone size-full wp-image-2282\" \/><\/p>\n<p><img loading=\"lazy\" decoding=\"async\" src=\"http:\/\/www.westerwaldverein-daaden.de\/blog\/wp-content\/uploads\/2014\/08\/wgd_2014_6.jpg\" alt=\"wgd_2014_6\" width=\"400\" height=\"300\" class=\"alignnone size-full wp-image-2283\" \/><\/div>\n<p>Mit volkst\u00fcmlichen Weisen auf seiner Trompete f\u00fchrte Hartmut Sturm die Besucher \u00fcber in den eher lockeren Teil des Familientages, den die Daadener Wanderfreunde immer im Anschluss an den Waldgottesdienst zusammen begehen. Es waren auch diesmal ein paar gem\u00fctliche Stunden, in denen Wander- und Heimatfreunde sich nach dem Mittagessen bei Kaffee und Kuchen zusammen finden konnten und viel Spa\u00df hatten. <\/p>\n<div class=\"center\"><img loading=\"lazy\" decoding=\"async\" src=\"http:\/\/www.westerwaldverein-daaden.de\/blog\/wp-content\/uploads\/2014\/08\/wgd_2014_7.jpg\" alt=\"wgd_2014_7\" width=\"400\" height=\"300\" class=\"alignnone size-full wp-image-2284\" \/><\/p>\n<p><img loading=\"lazy\" decoding=\"async\" src=\"http:\/\/www.westerwaldverein-daaden.de\/blog\/wp-content\/uploads\/2014\/08\/wgd_2014_8.jpg\" alt=\"wgd_2014_8\" width=\"400\" height=\"300\" class=\"alignnone size-full wp-image-2285\" \/><\/div>\n<p>P\u00fcnktlich zum Mittagessen, es gab diesmal Fleischk\u00e4s mit Brot, kamen dann auch die Wanderfreunde aus Herdorf mit einer stattlichen Schar Wanderer, um mit den Daadener den Sonntagnachmittag zu verbringen.<\/p>\n<div class=\"center\"><a href=\"http:\/\/www.westerwaldverein-daaden.de\/blog\/wp-content\/uploads\/2014\/07\/web_wg_2014.jpg\" data-rel=\"lightbox-gallery-sCnD4RI1\" data-rl_title=\"\" data-rl_caption=\"\" title=\"\"><img loading=\"lazy\" decoding=\"async\" src=\"http:\/\/www.westerwaldverein-daaden.de\/blog\/wp-content\/uploads\/2014\/07\/web_wg_2014-378x400.jpg\" alt=\"web_wg_2014\" width=\"378\" height=\"400\" class=\"alignnone size-medium wp-image-2264\" srcset=\"http:\/\/www.westerwaldverein-daaden.de\/blog\/wp-content\/uploads\/2014\/07\/web_wg_2014-378x400.jpg 378w, http:\/\/www.westerwaldverein-daaden.de\/blog\/wp-content\/uploads\/2014\/07\/web_wg_2014.jpg 757w\" sizes=\"auto, (max-width: 378px) 100vw, 378px\" \/><\/a><\/div>\n","protected":false},"excerpt":{"rendered":"<p>Einen festen Platz im Jahresprogramm des Westerwald-Vereins Daaden hat inzwischen schon seit mehr als 10 Jahren der Waldgottesdienst, der Ende Juli bzw. Anfang August mit der evangelischen Kirchengemeinde Daaden veranstaltet wird. Auch in diesem Jahr waren es wieder viele Besucher, die bei idealen Wetterbedingungen zur Wilhelm-Fischbach-H\u00fctte str\u00f6mten. Vereinsmitglieder hatten schon alles vorbereitet, damit die Wanderer [&hellip;]<\/p>\n","protected":false},"author":2,"featured_media":0,"comment_status":"closed","ping_status":"closed","sticky":false,"template":"","format":"standard","meta":{"footnotes":""},"categories":[1],"tags":[],"class_list":["post-2276","post","type-post","status-publish","format-standard","hentry","category-allgemein"],"_links":{"self":[{"href":"http:\/\/www.westerwaldverein-daaden.de\/blog\/wp-json\/wp\/v2\/posts\/2276","targetHints":{"allow":["GET"]}}],"collection":[{"href":"http:\/\/www.westerwaldverein-daaden.de\/blog\/wp-json\/wp\/v2\/posts"}],"about":[{"href":"http:\/\/www.westerwaldverein-daaden.de\/blog\/wp-json\/wp\/v2\/types\/post"}],"author":[{"embeddable":true,"href":"http:\/\/www.westerwaldverein-daaden.de\/blog\/wp-json\/wp\/v2\/users\/2"}],"replies":[{"embeddable":true,"href":"http:\/\/www.westerwaldverein-daaden.de\/blog\/wp-json\/wp\/v2\/comments?post=2276"}],"version-history":[{"count":2,"href":"http:\/\/www.westerwaldverein-daaden.de\/blog\/wp-json\/wp\/v2\/posts\/2276\/revisions"}],"predecessor-version":[{"id":2289,"href":"http:\/\/www.westerwaldverein-daaden.de\/blog\/wp-json\/wp\/v2\/posts\/2276\/revisions\/2289"}],"wp:attachment":[{"href":"http:\/\/www.westerwaldverein-daaden.de\/blog\/wp-json\/wp\/v2\/media?parent=2276"}],"wp:term":[{"taxonomy":"category","embeddable":true,"href":"http:\/\/www.westerwaldverein-daaden.de\/blog\/wp-json\/wp\/v2\/categories?post=2276"},{"taxonomy":"post_tag","embeddable":true,"href":"http:\/\/www.westerwaldverein-daaden.de\/blog\/wp-json\/wp\/v2\/tags?post=2276"}],"curies":[{"name":"wp","href":"https:\/\/api.w.org\/{rel}","templated":true}]}}