{"id":2295,"date":"2014-08-26T18:22:42","date_gmt":"2014-08-26T16:22:42","guid":{"rendered":"http:\/\/www.westerwaldverein-daaden.de\/blog\/?p=2295"},"modified":"2014-10-13T07:44:56","modified_gmt":"2014-10-13T05:44:56","slug":"arbeitskreis-heimatgeschichte-daadener-land-eroeffnet-archiv","status":"publish","type":"post","link":"http:\/\/www.westerwaldverein-daaden.de\/blog\/2014\/08\/26\/arbeitskreis-heimatgeschichte-daadener-land-eroeffnet-archiv\/","title":{"rendered":"Arbeitskreis \u201eHeimatgeschichte Daadener Land\u201c er\u00f6ffnet Archiv"},"content":{"rendered":"<p>Am <strong>Samstag, 30. August 2014 um 10.00 Uhr<\/strong> wird das Heimatarchiv des Daadener Landes, das in vielen Arbeitsstunden durch den Arbeitskreis \u201eHeimatgeschichte des Daadener Landes\u201c im ehemaligen Gastraum der Alten Post eingerichtet wurde, er\u00f6ffnet.<\/p>\n<p>Daran schlie\u00dft sich bis 18.00 Uhr ein Tag der offenen T\u00fcr an und gleichzeitig ist auch das im selben Haus befindliche Heimutmuseum ge\u00f6ffnet.  Auf Einladung des Arbeitskreises, der den Besuchern auch Getr\u00e4nke anbietet, wird im Hof vor der Alten Post das Geschichtsmobil der Universit\u00e4t Mainz zu Gast sein.<\/p>\n<p>Alle interessierten B\u00fcrger sind herzlich eingeladen.<\/p>\n","protected":false},"excerpt":{"rendered":"<p>Am Samstag, 30. August 2014 um 10.00 Uhr wird das Heimatarchiv des Daadener Landes, das in vielen Arbeitsstunden durch den Arbeitskreis \u201eHeimatgeschichte des Daadener Landes\u201c im ehemaligen Gastraum der Alten Post eingerichtet wurde, er\u00f6ffnet. Daran schlie\u00dft sich bis 18.00 Uhr ein Tag der offenen T\u00fcr an und gleichzeitig ist auch das im selben Haus befindliche [&hellip;]<\/p>\n","protected":false},"author":2,"featured_media":0,"comment_status":"closed","ping_status":"closed","sticky":false,"template":"","format":"standard","meta":{"footnotes":""},"categories":[3],"tags":[],"class_list":["post-2295","post","type-post","status-publish","format-standard","hentry","category-heimatgeschichte"],"_links":{"self":[{"href":"http:\/\/www.westerwaldverein-daaden.de\/blog\/wp-json\/wp\/v2\/posts\/2295","targetHints":{"allow":["GET"]}}],"collection":[{"href":"http:\/\/www.westerwaldverein-daaden.de\/blog\/wp-json\/wp\/v2\/posts"}],"about":[{"href":"http:\/\/www.westerwaldverein-daaden.de\/blog\/wp-json\/wp\/v2\/types\/post"}],"author":[{"embeddable":true,"href":"http:\/\/www.westerwaldverein-daaden.de\/blog\/wp-json\/wp\/v2\/users\/2"}],"replies":[{"embeddable":true,"href":"http:\/\/www.westerwaldverein-daaden.de\/blog\/wp-json\/wp\/v2\/comments?post=2295"}],"version-history":[{"count":2,"href":"http:\/\/www.westerwaldverein-daaden.de\/blog\/wp-json\/wp\/v2\/posts\/2295\/revisions"}],"predecessor-version":[{"id":2299,"href":"http:\/\/www.westerwaldverein-daaden.de\/blog\/wp-json\/wp\/v2\/posts\/2295\/revisions\/2299"}],"wp:attachment":[{"href":"http:\/\/www.westerwaldverein-daaden.de\/blog\/wp-json\/wp\/v2\/media?parent=2295"}],"wp:term":[{"taxonomy":"category","embeddable":true,"href":"http:\/\/www.westerwaldverein-daaden.de\/blog\/wp-json\/wp\/v2\/categories?post=2295"},{"taxonomy":"post_tag","embeddable":true,"href":"http:\/\/www.westerwaldverein-daaden.de\/blog\/wp-json\/wp\/v2\/tags?post=2295"}],"curies":[{"name":"wp","href":"https:\/\/api.w.org\/{rel}","templated":true}]}}