{"id":2300,"date":"2014-08-26T19:06:51","date_gmt":"2014-08-26T17:06:51","guid":{"rendered":"http:\/\/www.westerwaldverein-daaden.de\/blog\/?p=2300"},"modified":"2014-08-26T19:07:47","modified_gmt":"2014-08-26T17:07:47","slug":"klettern-und-wandern-im-schoenen-mittelrheintal","status":"publish","type":"post","link":"http:\/\/www.westerwaldverein-daaden.de\/blog\/2014\/08\/26\/klettern-und-wandern-im-schoenen-mittelrheintal\/","title":{"rendered":"Klettern und Wandern im sch\u00f6nen Mittelrheintal"},"content":{"rendered":"<p><strong>Mitglieder des Westerwald-Vereins Daaden erkunden Bopparder Wandergebiet<\/strong><\/p>\n<p>Es geh\u00f6rt auch schon ein bi\u00dfchen Gl\u00fcck dazu, wenn man z.Zt. einen sch\u00f6nen Tag mit idealen Wetterbedingungen zum Wandern und Klettern vorfinden will. Das Gl\u00fcck hatten aber die rund 50 Wanderfreunde aus dem Daadener Land, die am letzten Sonntag zu einer lang geplanten Tour nach Boppard an den Rhein aufbrachen.<\/p>\n<p><!--more--><\/p>\n<div class=\"center\"><a href=\"http:\/\/www.westerwaldverein-daaden.de\/blog\/wp-content\/uploads\/2014\/08\/2014_boppard_f59.jpg\" data-rel=\"lightbox-gallery-9omG4vT5\" data-rl_title=\"\" data-rl_caption=\"\" title=\"\"><img loading=\"lazy\" decoding=\"async\" src=\"http:\/\/www.westerwaldverein-daaden.de\/blog\/wp-content\/uploads\/2014\/08\/2014_boppard_f59-400x265.jpg\" alt=\"2014_boppard_f59\" width=\"400\" height=\"265\" class=\"alignnone size-medium wp-image-2303\" srcset=\"http:\/\/www.westerwaldverein-daaden.de\/blog\/wp-content\/uploads\/2014\/08\/2014_boppard_f59-400x265.jpg 400w, http:\/\/www.westerwaldverein-daaden.de\/blog\/wp-content\/uploads\/2014\/08\/2014_boppard_f59.jpg 800w\" sizes=\"auto, (max-width: 400px) 100vw, 400px\" \/><\/a><br \/><small>Reisegruppe (Zum Vergr\u00f6\u00dfern bitte anklicken)<\/small><\/div>\n<p>Es waren beste Voraussetzungen f\u00fcr die 25 k\u00f6pfige Wandergruppe, die von Rhens aus \u00fcber die H\u00f6hen und unter F\u00fchrung von Charlotte Sturm auf dem bekannten und reizvollen Burgenwanderweg bis nach Boppard wanderten. Immerwieder konnten die Wanderer die wei\u00df erleuchtete Marksburg und die 3 Schornsteine einer ehemaligen Bleih\u00fctte auf der anderen Rheinseite erblicken. Die Aussichten auf das Rheintal und Deutschlands gr\u00f6\u00dften Fluss waren einfach \u00fcberw\u00e4ltigend und sch\u00f6n.<\/p>\n<div class=\"center\"><img loading=\"lazy\" decoding=\"async\" src=\"http:\/\/www.westerwaldverein-daaden.de\/blog\/wp-content\/uploads\/2014\/08\/2014_boppard_f1810.jpg\" alt=\"2014_boppard_f1810\" width=\"400\" height=\"300\" class=\"alignnone size-full wp-image-2305\" \/><br \/>\n<br \/>\n<img loading=\"lazy\" decoding=\"async\" src=\"http:\/\/www.westerwaldverein-daaden.de\/blog\/wp-content\/uploads\/2014\/08\/2014_boppard_f1809.jpg\" alt=\"2014_boppard_f1809\" width=\"400\" height=\"300\" class=\"alignnone size-full wp-image-2304\" \/><br \/><small>Wanderer am Vierseenblick<\/small><\/div>\n<p>Dies galt nat\u00fcrlich auch f\u00fcr die 17 Kletterer, die ihre Klettertour in Boppard an der Talstation der Seilbahn beginnen mussten, dann beim Klettern auch noch Zeit und Mu\u00dfe fanden,  die Sch\u00f6nheiten der Rheinschleife und des Rheintals zu erkennen.<\/p>\n<div class=\"center\"><img loading=\"lazy\" decoding=\"async\" src=\"http:\/\/www.westerwaldverein-daaden.de\/blog\/wp-content\/uploads\/2014\/08\/2014_boppard_f06.jpg\" alt=\"2014_boppard_f06\" width=\"400\" height=\"267\" class=\"alignnone size-full wp-image-2302\" \/><br \/><small>Auf dem Klettersteig<\/small><\/div>\n<p><\/p>\n<div class=\"center\"><img loading=\"lazy\" decoding=\"async\" src=\"http:\/\/www.westerwaldverein-daaden.de\/blog\/wp-content\/uploads\/2014\/08\/2014_boppard_f04.jpg\" alt=\"2014_boppard_f04\" width=\"400\" height=\"267\" class=\"alignnone size-full wp-image-2301\" \/><br \/><small>Geschafft<\/small><\/div>\n<p>Ausger\u00fcstet mit Sicherheitsgurten, hatten sie sich mit der Bew\u00e4ltigung des neuen Mittelrheinklettersteigs Boppard, sicher eine sehr viel anspruchsvollere Variante vorgenommen wie die der Wanderer. Die Vereinsmitglieder Karl-Heinz Sturm und Paul-Gerhard Schmidt f\u00fchrten aber fachm\u00e4nnisch und mit Seilen gesichert die 17 Kletterer \u00fcber Stege und Leitern hinauf bis zum vorgesehenen Treffpnkt an der \u201eEngelseiche\u201c und auch wieder zur\u00fcck zum Ausgangsort.<\/p>\n<p>Zwar hatten sich die beiden Gruppen am Zielort zeitlich verfehlt, aber trotz einem nahenden Gewitter konnten sie alle die herrlichen Ausblicke auf das Rheintal vom Standort \u201eVierseenblick\u201c und von der Gastst\u00e4tte Gedeonseck noch genie\u00dfen. Das nahende Gewitter hatte nur zur Folge, dass der Sessellift nicht mehr abw\u00e4rts fuhr und so die Wandergruppe lange warten musste.<\/p>\n<div class=\"center\"><img loading=\"lazy\" decoding=\"async\" src=\"http:\/\/www.westerwaldverein-daaden.de\/blog\/wp-content\/uploads\/2014\/08\/2014_boppard_f1819.jpg\" alt=\"2014_boppard_f1819\" width=\"400\" height=\"300\" class=\"alignnone size-full wp-image-2306\" \/><br \/><small>Sessellift  f\u00e4hrt wieder<\/small><\/div>\n<p>Eine weitere Gruppe, die weder wandern noch klettern wollte, brauchte auch auf den Genuss der sch\u00f6nen Aussicht nicht verzichten. Der Sessellift brachte sie alle hoch zu den sch\u00f6nen Aussichtspunken. Danach hatte man noch gen\u00fcgend Zeit, Boppard selbst zu erkunden und am Rhein entlang zu schlendern.<\/p>\n<p>Eine gemeinsame Schlussrast im Cafe Schug und ein gemeinsamer Spaziergang am Rhein entlang, beschloss einen sch\u00f6nen Tag am sch\u00f6nen Rhein. <\/p>\n<div class=\"center\"><img loading=\"lazy\" decoding=\"async\" src=\"http:\/\/www.westerwaldverein-daaden.de\/blog\/wp-content\/uploads\/2014\/08\/2014_boppard_f1831.jpg\" alt=\"2014_boppard_f1831\" width=\"400\" height=\"300\" class=\"alignnone size-full wp-image-2307\" \/><br \/><small>Rheinspaziergang <\/small><\/div>\n<p>Ein sch\u00f6ner Tag, das war auch der einheitliche Tenor aller Teilnehmer als dann die  R\u00fcckreise mit Bus nach Daaden angetreten wurde. <\/p>\n","protected":false},"excerpt":{"rendered":"<p>Mitglieder des Westerwald-Vereins Daaden erkunden Bopparder Wandergebiet Es geh\u00f6rt auch schon ein bi\u00dfchen Gl\u00fcck dazu, wenn man z.Zt. einen sch\u00f6nen Tag mit idealen Wetterbedingungen zum Wandern und Klettern vorfinden will. Das Gl\u00fcck hatten aber die rund 50 Wanderfreunde aus dem Daadener Land, die am letzten Sonntag zu einer lang geplanten Tour nach Boppard an den [&hellip;]<\/p>\n","protected":false},"author":2,"featured_media":0,"comment_status":"closed","ping_status":"closed","sticky":false,"template":"","format":"standard","meta":{"footnotes":""},"categories":[5],"tags":[],"class_list":["post-2300","post","type-post","status-publish","format-standard","hentry","category-wanderungen"],"_links":{"self":[{"href":"http:\/\/www.westerwaldverein-daaden.de\/blog\/wp-json\/wp\/v2\/posts\/2300","targetHints":{"allow":["GET"]}}],"collection":[{"href":"http:\/\/www.westerwaldverein-daaden.de\/blog\/wp-json\/wp\/v2\/posts"}],"about":[{"href":"http:\/\/www.westerwaldverein-daaden.de\/blog\/wp-json\/wp\/v2\/types\/post"}],"author":[{"embeddable":true,"href":"http:\/\/www.westerwaldverein-daaden.de\/blog\/wp-json\/wp\/v2\/users\/2"}],"replies":[{"embeddable":true,"href":"http:\/\/www.westerwaldverein-daaden.de\/blog\/wp-json\/wp\/v2\/comments?post=2300"}],"version-history":[{"count":1,"href":"http:\/\/www.westerwaldverein-daaden.de\/blog\/wp-json\/wp\/v2\/posts\/2300\/revisions"}],"predecessor-version":[{"id":2308,"href":"http:\/\/www.westerwaldverein-daaden.de\/blog\/wp-json\/wp\/v2\/posts\/2300\/revisions\/2308"}],"wp:attachment":[{"href":"http:\/\/www.westerwaldverein-daaden.de\/blog\/wp-json\/wp\/v2\/media?parent=2300"}],"wp:term":[{"taxonomy":"category","embeddable":true,"href":"http:\/\/www.westerwaldverein-daaden.de\/blog\/wp-json\/wp\/v2\/categories?post=2300"},{"taxonomy":"post_tag","embeddable":true,"href":"http:\/\/www.westerwaldverein-daaden.de\/blog\/wp-json\/wp\/v2\/tags?post=2300"}],"curies":[{"name":"wp","href":"https:\/\/api.w.org\/{rel}","templated":true}]}}