{"id":2345,"date":"2014-10-07T11:57:31","date_gmt":"2014-10-07T09:57:31","guid":{"rendered":"http:\/\/www.westerwaldverein-daaden.de\/blog\/?p=2345"},"modified":"2014-10-07T11:57:31","modified_gmt":"2014-10-07T09:57:31","slug":"schoene-rundwanderung-am-seeweiher-bei-waldernbach","status":"publish","type":"post","link":"http:\/\/www.westerwaldverein-daaden.de\/blog\/2014\/10\/07\/schoene-rundwanderung-am-seeweiher-bei-waldernbach\/","title":{"rendered":"Sch\u00f6ne Rundwanderung am Seeweiher bei Waldernbach"},"content":{"rendered":"<p>Ein weiteres Gebiet vom sch\u00f6nen Westerwald erkundeten 13 Wanderfreunde vom Westerwald Verein Daaden. In Elsoff begonnen f\u00fchrte die Wanderung \u00fcber Mengerskirchen zum Seeweiher. Diesen Bereich kannten die Teilnehmer noch nicht, waren dann aber auch sehr angetan von dieser sch\u00f6nen Route, die Wanderf\u00fchrer Martin Schmidt ausgesucht hatte. <\/p>\n<p><!--more--><\/p>\n<div class=\"center\"><img loading=\"lazy\" decoding=\"async\" src=\"http:\/\/www.westerwaldverein-daaden.de\/blog\/wp-content\/uploads\/2014\/10\/2014_seeweiher.jpg\" alt=\"2014_seeweiher\" width=\"400\" height=\"265\" class=\"alignnone size-full wp-image-2346\" \/><\/div>\n<p>Es ging nahezu rund um See, wo dann zwischendurch in einer Gastst\u00e4tte am See gelegen, die Mittagsrast eingelegt wurde. \u00dcber Waldernbach wanderte die Gruppe dann wieder zur\u00fcck nach Elsoff. Hier wieder angekommen, hatte man doch immerhin eine rund 17 Kilometer lange und sehr kurzweilige und interessante Wanderstrecke hinter sich gebracht. <\/p>\n","protected":false},"excerpt":{"rendered":"<p>Ein weiteres Gebiet vom sch\u00f6nen Westerwald erkundeten 13 Wanderfreunde vom Westerwald Verein Daaden. In Elsoff begonnen f\u00fchrte die Wanderung \u00fcber Mengerskirchen zum Seeweiher. Diesen Bereich kannten die Teilnehmer noch nicht, waren dann aber auch sehr angetan von dieser sch\u00f6nen Route, die Wanderf\u00fchrer Martin Schmidt ausgesucht hatte.<\/p>\n","protected":false},"author":2,"featured_media":0,"comment_status":"closed","ping_status":"closed","sticky":false,"template":"","format":"standard","meta":{"footnotes":""},"categories":[5],"tags":[],"class_list":["post-2345","post","type-post","status-publish","format-standard","hentry","category-wanderungen"],"_links":{"self":[{"href":"http:\/\/www.westerwaldverein-daaden.de\/blog\/wp-json\/wp\/v2\/posts\/2345","targetHints":{"allow":["GET"]}}],"collection":[{"href":"http:\/\/www.westerwaldverein-daaden.de\/blog\/wp-json\/wp\/v2\/posts"}],"about":[{"href":"http:\/\/www.westerwaldverein-daaden.de\/blog\/wp-json\/wp\/v2\/types\/post"}],"author":[{"embeddable":true,"href":"http:\/\/www.westerwaldverein-daaden.de\/blog\/wp-json\/wp\/v2\/users\/2"}],"replies":[{"embeddable":true,"href":"http:\/\/www.westerwaldverein-daaden.de\/blog\/wp-json\/wp\/v2\/comments?post=2345"}],"version-history":[{"count":1,"href":"http:\/\/www.westerwaldverein-daaden.de\/blog\/wp-json\/wp\/v2\/posts\/2345\/revisions"}],"predecessor-version":[{"id":2347,"href":"http:\/\/www.westerwaldverein-daaden.de\/blog\/wp-json\/wp\/v2\/posts\/2345\/revisions\/2347"}],"wp:attachment":[{"href":"http:\/\/www.westerwaldverein-daaden.de\/blog\/wp-json\/wp\/v2\/media?parent=2345"}],"wp:term":[{"taxonomy":"category","embeddable":true,"href":"http:\/\/www.westerwaldverein-daaden.de\/blog\/wp-json\/wp\/v2\/categories?post=2345"},{"taxonomy":"post_tag","embeddable":true,"href":"http:\/\/www.westerwaldverein-daaden.de\/blog\/wp-json\/wp\/v2\/tags?post=2345"}],"curies":[{"name":"wp","href":"https:\/\/api.w.org\/{rel}","templated":true}]}}