{"id":2348,"date":"2014-11-14T22:00:06","date_gmt":"2014-11-14T20:00:06","guid":{"rendered":"http:\/\/www.westerwaldverein-daaden.de\/blog\/?p=2348"},"modified":"2014-11-28T12:52:49","modified_gmt":"2014-11-28T10:52:49","slug":"mit-alfred-schneider-durch-das-daadener-land","status":"publish","type":"post","link":"http:\/\/www.westerwaldverein-daaden.de\/blog\/2014\/11\/14\/mit-alfred-schneider-durch-das-daadener-land\/","title":{"rendered":"Mit Alfred Schneider durch das Daadener Land"},"content":{"rendered":"<p>Der allj\u00e4hrliche Diavortrag des Westerwald-Vereins Daaden fand diesmal ein besonders gro\u00dfes Interesse. Fast 400 Besucher kamen am Freitag, dem 14. November ins B\u00fcrgerhaus Daaden um sich den Vortrag, der unter dem Titel \u201eMit Alfred Schneider durch das Daadener Land\u201c stand, anzusehen. Ulrich Meyer hatte Dias von Negativabz\u00fcgen, die alle aus dem Nachlass von Alfred Schneider stammten, gescannt und zu diesem Vortrag zusammengestellt. Dabei handelte es sich im wesentlichen um eine Auswahl von Fotos aus den 70er Jahren, die Alfred Schneider teilweise auch im Rahmen seiner Berichte f\u00fcr die Rhein-Zeitung hergestellt hatte.  <\/p>\n<div class=\"center\"><a href=\"http:\/\/www.westerwaldverein-daaden.de\/blog\/wp-content\/uploads\/2014\/10\/diavortrag_2014_11_14.jpg\" data-rel=\"lightbox-gallery-3jsnRX5R\" data-rl_title=\"\" data-rl_caption=\"\" title=\"\"><img loading=\"lazy\" decoding=\"async\" src=\"http:\/\/www.westerwaldverein-daaden.de\/blog\/wp-content\/uploads\/2014\/10\/diavortrag_2014_11_14-400x400.jpg\" alt=\"diavortrag_2014_11_14\" width=\"400\" height=\"400\" class=\"alignnone size-medium wp-image-2349\" srcset=\"http:\/\/www.westerwaldverein-daaden.de\/blog\/wp-content\/uploads\/2014\/10\/diavortrag_2014_11_14-400x400.jpg 400w, http:\/\/www.westerwaldverein-daaden.de\/blog\/wp-content\/uploads\/2014\/10\/diavortrag_2014_11_14-150x150.jpg 150w, http:\/\/www.westerwaldverein-daaden.de\/blog\/wp-content\/uploads\/2014\/10\/diavortrag_2014_11_14.jpg 800w\" sizes=\"auto, (max-width: 400px) 100vw, 400px\" \/><\/a><br \/><small>(Zum Vergr\u00f6\u00dfern bitte anklicken)<\/small><\/div>\n<p><!--more-->In der gewohnt gekonnten Art, kommentierte Ulrich Meyer die gezeigten Motive, die \u00fcberwiegend alte Stra\u00dfenz\u00fcge und Geb\u00e4ude aus dem Daadener Land zeigten, also Stra\u00dfen und ihr Verlauf, sowie alte Geb\u00e4ude, die vor der Ortskernsanierung und dem Stra\u00dfenausbau das Ortsbild gepr\u00e4gt haben. So manches Raunen ging durch den Saal, wenn fast vergessene Ortsansichten zu erkennen waren.<\/p>\n<p>Unter den Besuchern waren auch viele j\u00fcngere, die manche Geb\u00e4ude und auch Stra\u00dfenf\u00fchrungen in Daaden und den anderen Orten so nicht kannten. Allen ganz bewusst war sicher auch nicht mehr, dass z.B. die Mittelstra\u00dfe ehemals die Hauptverkehrsstra\u00dfe war, in die am ehemaligen Haus Otto Schweitzer die Saynische Stra\u00dfe einm\u00fcndete. Heute ist die Saynische Stra\u00dfe begradigt und einige H\u00e4user sind ganz verschwunden. Das gleiche gilt nat\u00fcrlich auch f\u00fcr den Bereich der Ortsmitte von Daaden. Dias zeigten u.v.a. noch den alten Zustand der \u201eAlten Post\u201c mit dem angrenzendem Marktplatz vor dem Bau des B\u00fcrgerhauses, den Gasthof \u201eZur Linde\u201c, das alte Reika , die Linde an der Zehntscheune in der Lamprechtstra\u00dfe, das Schlachthaus der Metzgerei Schmidt und z.B. die alte Stra\u00dfenf\u00fchrung an der \u201eAlten Post\u201c.<\/p>\n<p>Der wohlwollende Applaus am Ende der Veranstaltung deutete darauf hin, dass der Vortrag allen Besuchern gut gefallen hat. Hatte man doch so die M\u00f6glichkeit den Wandel im Daadener Ortsbild \u00fcber die letzten Jahrzehnte genau zu verfolgen.  <\/p>\n<p>Die Verantwortlichen im Arbeitskreis \u201eHeimatgeschichte Daadener Land\u201c und vom Westerwald-Verein freuen sich auf jeden Fall sehr \u00fcber den gro\u00dfen Zuspruch. So ist auch f\u00fcr das n\u00e4chste Jahr schon wieder ein sicher interessanter Diavortrag eingeplant. <\/p>\n","protected":false},"excerpt":{"rendered":"<p>Der allj\u00e4hrliche Diavortrag des Westerwald-Vereins Daaden fand diesmal ein besonders gro\u00dfes Interesse. Fast 400 Besucher kamen am Freitag, dem 14. November ins B\u00fcrgerhaus Daaden um sich den Vortrag, der unter dem Titel \u201eMit Alfred Schneider durch das Daadener Land\u201c stand, anzusehen. Ulrich Meyer hatte Dias von Negativabz\u00fcgen, die alle aus dem Nachlass von Alfred Schneider [&hellip;]<\/p>\n","protected":false},"author":2,"featured_media":0,"comment_status":"closed","ping_status":"closed","sticky":false,"template":"","format":"standard","meta":{"footnotes":""},"categories":[3],"tags":[],"class_list":["post-2348","post","type-post","status-publish","format-standard","hentry","category-heimatgeschichte"],"_links":{"self":[{"href":"http:\/\/www.westerwaldverein-daaden.de\/blog\/wp-json\/wp\/v2\/posts\/2348","targetHints":{"allow":["GET"]}}],"collection":[{"href":"http:\/\/www.westerwaldverein-daaden.de\/blog\/wp-json\/wp\/v2\/posts"}],"about":[{"href":"http:\/\/www.westerwaldverein-daaden.de\/blog\/wp-json\/wp\/v2\/types\/post"}],"author":[{"embeddable":true,"href":"http:\/\/www.westerwaldverein-daaden.de\/blog\/wp-json\/wp\/v2\/users\/2"}],"replies":[{"embeddable":true,"href":"http:\/\/www.westerwaldverein-daaden.de\/blog\/wp-json\/wp\/v2\/comments?post=2348"}],"version-history":[{"count":2,"href":"http:\/\/www.westerwaldverein-daaden.de\/blog\/wp-json\/wp\/v2\/posts\/2348\/revisions"}],"predecessor-version":[{"id":2364,"href":"http:\/\/www.westerwaldverein-daaden.de\/blog\/wp-json\/wp\/v2\/posts\/2348\/revisions\/2364"}],"wp:attachment":[{"href":"http:\/\/www.westerwaldverein-daaden.de\/blog\/wp-json\/wp\/v2\/media?parent=2348"}],"wp:term":[{"taxonomy":"category","embeddable":true,"href":"http:\/\/www.westerwaldverein-daaden.de\/blog\/wp-json\/wp\/v2\/categories?post=2348"},{"taxonomy":"post_tag","embeddable":true,"href":"http:\/\/www.westerwaldverein-daaden.de\/blog\/wp-json\/wp\/v2\/tags?post=2348"}],"curies":[{"name":"wp","href":"https:\/\/api.w.org\/{rel}","templated":true}]}}