{"id":2356,"date":"2014-10-17T12:11:25","date_gmt":"2014-10-17T10:11:25","guid":{"rendered":"http:\/\/www.westerwaldverein-daaden.de\/blog\/?p=2356"},"modified":"2014-10-17T12:12:26","modified_gmt":"2014-10-17T10:12:26","slug":"wandern-im-schoenen-repetal-bei-attendorn","status":"publish","type":"post","link":"http:\/\/www.westerwaldverein-daaden.de\/blog\/2014\/10\/17\/wandern-im-schoenen-repetal-bei-attendorn\/","title":{"rendered":"Wandern im sch\u00f6nen Repetal bei Attendorn"},"content":{"rendered":"<p>Einer Einladung der SGV-Wanderfreunde aus Helden im sch\u00f6nen Repetal waren am Sonntag, dem 12. Oktober immerhin 20 Wanderinnen und Wanderer aus dem Daadener Land gefolgt. Es war ein Gegenbesuch, zu dem die Repetaler Wanderfreunde eingeladen hatten, nachdem sie im Oktober des Vorjahres hier zu uns ins Daadener Land gekommen und an 3 Tagen hintereinander gewandert waren. Einquartiert waren seinerzeit die rund 40 Wanderer aus dem Repetal im Schloss Friedewald. Von dort hatten sie unter der F\u00fchrung von Petra und Karl-Ernst Weinbrenner sch\u00f6ne und interessante Wanderungen hier bei uns im Westerwald unternommen.<\/p>\n<p><!--more-->Die Wanderer aus dem Daadener Land wurden bei ihrem Gegenbesuch am Sonntag nach der rund  einst\u00fcndigen Anfahrt dann auch p\u00fcnktlich um 10.00 Uhr von den Repetaler Wanderfreunden am Kirchparkplatz in Helden erwartet. <\/p>\n<div class=\"center\"><img loading=\"lazy\" decoding=\"async\" src=\"http:\/\/www.westerwaldverein-daaden.de\/blog\/wp-content\/uploads\/2014\/10\/repetal_1.jpg\" alt=\"repetal_1\" width=\"400\" height=\"300\" class=\"alignnone size-full wp-image-2357\" \/><\/div>\n<p>Zwei Touren von zirka 13  und 8 Kilometer, zwei Rundwanderungen mit vielen herrlichen Fernblicken, waren vorbereitet worden. Diese wurden dann bei sch\u00f6nstem Wanderwetter erwandert und haben allen Daadener einen guten Eindruck von der sch\u00f6nen Sauerl\u00e4nder Landschaft vermittelt und viel Spa\u00df gemacht.<\/p>\n<div class=\"center\"><img loading=\"lazy\" decoding=\"async\" src=\"http:\/\/www.westerwaldverein-daaden.de\/blog\/wp-content\/uploads\/2014\/10\/repetal_2.jpg\" alt=\"repetal_2\" width=\"400\" height=\"295\" class=\"alignnone size-full wp-image-2358\" \/><\/div>\n<p>Zielpunkt beider Wandergruppen war die im Eigenbesitz des SGV Repetal befindliche H\u00fctte, wo t\u00fcchtige Frauen bereits alles f\u00fcr eine z\u00fcnftige Schlussrast vorbereitet hatten. Hier konnten die Wanderfreunde beider Vereine noch ein paar gem\u00fctliche Stunden verbringen und sich gegenseitig \u00fcber interessante Wanderthemen austauschen. <\/p>\n<p>Daadens Vorsitzender Gisbert Weber bedankte sich f\u00fcr die gro\u00dfe Gastfreundschaft und \u00fcberreichte zur Erinnerung an den sch\u00f6nen Wandertag einen Bildband \u00fcber den Westerwald. \u201eHier werden sie beim Durchbl\u00e4ttern viele Anregungen finden, nochmal den Westerwald zu besuchen\u201c so seine indirekte Einladung an die Repetaler Wanderfreunde.<\/p>\n","protected":false},"excerpt":{"rendered":"<p>Einer Einladung der SGV-Wanderfreunde aus Helden im sch\u00f6nen Repetal waren am Sonntag, dem 12. Oktober immerhin 20 Wanderinnen und Wanderer aus dem Daadener Land gefolgt. Es war ein Gegenbesuch, zu dem die Repetaler Wanderfreunde eingeladen hatten, nachdem sie im Oktober des Vorjahres hier zu uns ins Daadener Land gekommen und an 3 Tagen hintereinander gewandert [&hellip;]<\/p>\n","protected":false},"author":2,"featured_media":0,"comment_status":"closed","ping_status":"closed","sticky":false,"template":"","format":"standard","meta":{"footnotes":""},"categories":[5],"tags":[],"class_list":["post-2356","post","type-post","status-publish","format-standard","hentry","category-wanderungen"],"_links":{"self":[{"href":"http:\/\/www.westerwaldverein-daaden.de\/blog\/wp-json\/wp\/v2\/posts\/2356","targetHints":{"allow":["GET"]}}],"collection":[{"href":"http:\/\/www.westerwaldverein-daaden.de\/blog\/wp-json\/wp\/v2\/posts"}],"about":[{"href":"http:\/\/www.westerwaldverein-daaden.de\/blog\/wp-json\/wp\/v2\/types\/post"}],"author":[{"embeddable":true,"href":"http:\/\/www.westerwaldverein-daaden.de\/blog\/wp-json\/wp\/v2\/users\/2"}],"replies":[{"embeddable":true,"href":"http:\/\/www.westerwaldverein-daaden.de\/blog\/wp-json\/wp\/v2\/comments?post=2356"}],"version-history":[{"count":2,"href":"http:\/\/www.westerwaldverein-daaden.de\/blog\/wp-json\/wp\/v2\/posts\/2356\/revisions"}],"predecessor-version":[{"id":2360,"href":"http:\/\/www.westerwaldverein-daaden.de\/blog\/wp-json\/wp\/v2\/posts\/2356\/revisions\/2360"}],"wp:attachment":[{"href":"http:\/\/www.westerwaldverein-daaden.de\/blog\/wp-json\/wp\/v2\/media?parent=2356"}],"wp:term":[{"taxonomy":"category","embeddable":true,"href":"http:\/\/www.westerwaldverein-daaden.de\/blog\/wp-json\/wp\/v2\/categories?post=2356"},{"taxonomy":"post_tag","embeddable":true,"href":"http:\/\/www.westerwaldverein-daaden.de\/blog\/wp-json\/wp\/v2\/tags?post=2356"}],"curies":[{"name":"wp","href":"https:\/\/api.w.org\/{rel}","templated":true}]}}