{"id":2392,"date":"2015-01-05T21:20:14","date_gmt":"2015-01-05T19:20:14","guid":{"rendered":"http:\/\/www.westerwaldverein-daaden.de\/blog\/?p=2392"},"modified":"2015-01-05T21:20:56","modified_gmt":"2015-01-05T19:20:56","slug":"mit-fackeln-unterwegs","status":"publish","type":"post","link":"http:\/\/www.westerwaldverein-daaden.de\/blog\/2015\/01\/05\/mit-fackeln-unterwegs\/","title":{"rendered":"Mit Fackeln unterwegs"},"content":{"rendered":"<p>Die Fackelwanderung des Westerwald-Vereins Daaden am 28. Dezember h\u00e4tte doch ein paar junge Teilnehmer mehr verdient. Waren es doch ideale Bedingungen f\u00fcr eine Fackelwanderung, denn es hatte am Vortag ganz sch\u00f6n geschneit. Der Himmel war klar und und die Landschaft hatte sich in ein wei\u00dfes Kleid geh\u00fcllt. <\/p>\n<p><!--more-->So machten sich dann die 19 Wanderer, darunter 6 Kinder mit ihren Fackeln auf den Weg \u00fcber die Denkmalstra\u00dfe hoch zum Daadener Denkmal. Von hier ging es dann weiter zum Hahnenkopf, von wo man auch einen sch\u00f6nen Blick \u00fcber den weihnachtlich geschm\u00fcckten Ortskern von Daaden mit der angestrahlten Barockkirche genie\u00dfen konnte.<\/p>\n<div class=\"center\"><img loading=\"lazy\" decoding=\"async\" src=\"http:\/\/www.westerwaldverein-daaden.de\/blog\/wp-content\/uploads\/2015\/01\/fackelwanderung_2014_1.jpg\" alt=\"fackelwanderung_2014_1\" width=\"400\" height=\"300\" class=\"alignnone size-full wp-image-2393\" \/><\/div>\n<p>Auf direktem Weg f\u00fchrte die Tour dann zur Einkehr in den Gasthof Andres, wo Gerhard G\u00f6rg f\u00fcr die Kinder noch eine \u00dcberraschung bereit hielt. Die Erwachsenen konnten sich bei der Schlussrast ebenso st\u00e4rken. Zur \u00dcberraschung waren auch die Musiker des Turnvereins Daaden im Gasthof anwesend, die mit ihrem Gastposaunist, B\u00fcrgermeister Walter Strunk, noch ein St\u00e4ndchen zum Besten gaben.<\/p>\n<div class=\"center\"><img loading=\"lazy\" decoding=\"async\" src=\"http:\/\/www.westerwaldverein-daaden.de\/blog\/wp-content\/uploads\/2015\/01\/fackelwanderung_2014_2.jpg\" alt=\"fackelwanderung_2014_2\" width=\"400\" height=\"300\" class=\"alignnone size-full wp-image-2394\" \/><\/div>\n<p><\/p>\n<div class=\"center\"><img loading=\"lazy\" decoding=\"async\" src=\"http:\/\/www.westerwaldverein-daaden.de\/blog\/wp-content\/uploads\/2015\/01\/fackelwanderung_2014_3.jpg\" alt=\"fackelwanderung_2014_3\" width=\"400\" height=\"300\" class=\"alignnone size-full wp-image-2395\" \/><\/div>\n","protected":false},"excerpt":{"rendered":"<p>Die Fackelwanderung des Westerwald-Vereins Daaden am 28. Dezember h\u00e4tte doch ein paar junge Teilnehmer mehr verdient. Waren es doch ideale Bedingungen f\u00fcr eine Fackelwanderung, denn es hatte am Vortag ganz sch\u00f6n geschneit. Der Himmel war klar und und die Landschaft hatte sich in ein wei\u00dfes Kleid geh\u00fcllt.<\/p>\n","protected":false},"author":2,"featured_media":0,"comment_status":"closed","ping_status":"closed","sticky":false,"template":"","format":"standard","meta":{"footnotes":""},"categories":[5],"tags":[],"class_list":["post-2392","post","type-post","status-publish","format-standard","hentry","category-wanderungen"],"_links":{"self":[{"href":"http:\/\/www.westerwaldverein-daaden.de\/blog\/wp-json\/wp\/v2\/posts\/2392","targetHints":{"allow":["GET"]}}],"collection":[{"href":"http:\/\/www.westerwaldverein-daaden.de\/blog\/wp-json\/wp\/v2\/posts"}],"about":[{"href":"http:\/\/www.westerwaldverein-daaden.de\/blog\/wp-json\/wp\/v2\/types\/post"}],"author":[{"embeddable":true,"href":"http:\/\/www.westerwaldverein-daaden.de\/blog\/wp-json\/wp\/v2\/users\/2"}],"replies":[{"embeddable":true,"href":"http:\/\/www.westerwaldverein-daaden.de\/blog\/wp-json\/wp\/v2\/comments?post=2392"}],"version-history":[{"count":2,"href":"http:\/\/www.westerwaldverein-daaden.de\/blog\/wp-json\/wp\/v2\/posts\/2392\/revisions"}],"predecessor-version":[{"id":2397,"href":"http:\/\/www.westerwaldverein-daaden.de\/blog\/wp-json\/wp\/v2\/posts\/2392\/revisions\/2397"}],"wp:attachment":[{"href":"http:\/\/www.westerwaldverein-daaden.de\/blog\/wp-json\/wp\/v2\/media?parent=2392"}],"wp:term":[{"taxonomy":"category","embeddable":true,"href":"http:\/\/www.westerwaldverein-daaden.de\/blog\/wp-json\/wp\/v2\/categories?post=2392"},{"taxonomy":"post_tag","embeddable":true,"href":"http:\/\/www.westerwaldverein-daaden.de\/blog\/wp-json\/wp\/v2\/tags?post=2392"}],"curies":[{"name":"wp","href":"https:\/\/api.w.org\/{rel}","templated":true}]}}