{"id":240,"date":"2009-03-08T14:00:12","date_gmt":"2009-03-08T13:00:12","guid":{"rendered":"http:\/\/www.westerwaldverein-daaden.de\/blog\/2009\/03\/13\/jahreshauptversammlung-und-familienabend-2009\/"},"modified":"2009-03-13T14:31:47","modified_gmt":"2009-03-13T13:31:47","slug":"jahreshauptversammlung-und-familienabend-2009","status":"publish","type":"post","link":"http:\/\/www.westerwaldverein-daaden.de\/blog\/2009\/03\/08\/jahreshauptversammlung-und-familienabend-2009\/","title":{"rendered":"Jahreshauptversammlung und Familienabend 2009"},"content":{"rendered":"<p><strong>Ehrungen f\u00fcr 40 und 25 Jahre Mitgliedschaft im Westerwald-Verein <\/strong><\/p>\n<p>Bei der diesj\u00e4hrigen Jahreshauptversammlung waren 3 Mitglieder f\u00fcr 40 und 2 Mitglieder f\u00fcr 25 Jahre Vereinszugeh\u00f6rigkeit zu ehren. Vorsitzender Gisbert Weber konnte Erhard He\u00df und Wilhelm Meyer f\u00fcr 40 Treue zum Verein ein Buch und Vilja Schatz f\u00fcr 25 Jahre Vereinstreue ein gerahmtes Foto \u00fcberreichen. Au\u00dferdem erhielten alle eine Urkunde und Anstecknadel. <\/p>\n<p>Nicht anwesend sein konnten die Jubilare Manfred Linke (40 Jahre) und Dr. Eberhard Uhr (25 Jahre). <\/p>\n<p><!--more-->Eine \u00fcberaus gute Beteiligung an den Wanderungen des vergangenen Jahres war auch diesmal dem Bericht des Wanderwartes zu entnehmen. Das Interesse und das Engagement im Verein sind gro\u00df geblieben und Wandern macht einfach Spa\u00df. Die gute Beteiligung bei den Wanderungen, auch den Seniorenwanderungen hat dies auch im letzten Jahr wieder gezeigt. <\/p>\n<p>Der Aufwand f\u00fcr die Markierungsarbeiten war sicher im Vorjahr nicht unerheblich, sind doch immerhin mehr als 180 Kilometer Wanderwege auf ihre Markierung zu \u00fcberpr\u00fcfen und teilweise zu erneuern. <\/p>\n<p>Eine ordentliche Kassenf\u00fchrung und eine gesunde Kassenlage wurde vom Schatzmeister vorgelegt und von den Kassenpr\u00fcfern auch entsprechend gelobt. <\/p>\n<p>Zuvor hatte der Vorsitzende in seinem Bericht allen Vereinsmitgliedern f\u00fcr die Treue zum Verein gedankt, hier besonders den Wanderf\u00fchrer f\u00fcr geleistete gute Arbeit bei der Vorbereitung und Durchf\u00fchrung der Wanderungen und allen Vorstandsmitgliedern. <\/p>\n<div class=\"center\"><img src='http:\/\/www.westerwaldverein-daaden.de\/blog\/wp-content\/uploads\/2009\/03\/jhv_2009_2.jpg' alt='jhv_2009_2.jpg' \/><\/div>\n<p>Er ging dann noch besonders auf den Arbeitskreis &#8222;Heimatgeschichte im Daadener Land&#8220; ein, der sich im Vorjahr dem Westerwald-Verein angeschlossen hatte. Ausf\u00fchrlich stellte danach Ulrich Meyer den Anwesenden die Schwerpunktthemen und das Gesamtkonzept vor. Der Arbeitskreis bem\u00fcht sich um weitere alte Unterlagen und Fotos, die ausgewertet und archiviert werden sollen. Deswegen der Aufruf an B\u00fcrger des Daadener Landes, alte und interessante Unterlagen zur Bearbeitung zur Verf\u00fcgung zu stellen. Die Unterlagen gehen alle nach der Bearbeitung an ihre Eigent\u00fcmer zur\u00fcck. <\/p>\n<div class=\"center\"><img src='http:\/\/www.westerwaldverein-daaden.de\/blog\/wp-content\/uploads\/2009\/03\/jhv_2009_1.jpg' alt='jhv_2009_1.jpg' \/><\/div>\n<p>Beim Familienabend im Anschluss an die Jahreshauptversammlung feierten die erschienenen Wanderinnen und Wanderer bei sch\u00f6ner Musikbegleitung durch das &#8222;Siegerland Echo&#8220; noch bis \u00fcber Mitternacht. Mit Gedichtvortr\u00e4gen und lustigen Sketchen von Friedel Schmidt und Walter Lenz ging ein sch\u00f6ner Tag kurzweilig und schnell zu Ende.<\/p>\n","protected":false},"excerpt":{"rendered":"<p>Ehrungen f\u00fcr 40 und 25 Jahre Mitgliedschaft im Westerwald-Verein Bei der diesj\u00e4hrigen Jahreshauptversammlung waren 3 Mitglieder f\u00fcr 40 und 2 Mitglieder f\u00fcr 25 Jahre Vereinszugeh\u00f6rigkeit zu ehren. Vorsitzender Gisbert Weber konnte Erhard He\u00df und Wilhelm Meyer f\u00fcr 40 Treue zum Verein ein Buch und Vilja Schatz f\u00fcr 25 Jahre Vereinstreue ein gerahmtes Foto \u00fcberreichen. Au\u00dferdem [&hellip;]<\/p>\n","protected":false},"author":2,"featured_media":0,"comment_status":"closed","ping_status":"closed","sticky":false,"template":"","format":"standard","meta":{"footnotes":""},"categories":[1],"tags":[],"class_list":["post-240","post","type-post","status-publish","format-standard","hentry","category-allgemein"],"_links":{"self":[{"href":"http:\/\/www.westerwaldverein-daaden.de\/blog\/wp-json\/wp\/v2\/posts\/240","targetHints":{"allow":["GET"]}}],"collection":[{"href":"http:\/\/www.westerwaldverein-daaden.de\/blog\/wp-json\/wp\/v2\/posts"}],"about":[{"href":"http:\/\/www.westerwaldverein-daaden.de\/blog\/wp-json\/wp\/v2\/types\/post"}],"author":[{"embeddable":true,"href":"http:\/\/www.westerwaldverein-daaden.de\/blog\/wp-json\/wp\/v2\/users\/2"}],"replies":[{"embeddable":true,"href":"http:\/\/www.westerwaldverein-daaden.de\/blog\/wp-json\/wp\/v2\/comments?post=240"}],"version-history":[{"count":0,"href":"http:\/\/www.westerwaldverein-daaden.de\/blog\/wp-json\/wp\/v2\/posts\/240\/revisions"}],"wp:attachment":[{"href":"http:\/\/www.westerwaldverein-daaden.de\/blog\/wp-json\/wp\/v2\/media?parent=240"}],"wp:term":[{"taxonomy":"category","embeddable":true,"href":"http:\/\/www.westerwaldverein-daaden.de\/blog\/wp-json\/wp\/v2\/categories?post=240"},{"taxonomy":"post_tag","embeddable":true,"href":"http:\/\/www.westerwaldverein-daaden.de\/blog\/wp-json\/wp\/v2\/tags?post=240"}],"curies":[{"name":"wp","href":"https:\/\/api.w.org\/{rel}","templated":true}]}}