{"id":245,"date":"2009-04-22T19:39:09","date_gmt":"2009-04-22T17:39:09","guid":{"rendered":"http:\/\/www.westerwaldverein-daaden.de\/blog\/2009\/04\/22\/gabriele-benesch-geb-zimmermann\/"},"modified":"2009-12-17T21:29:53","modified_gmt":"2009-12-17T19:29:53","slug":"gabriele-benesch-geb-zimmermann","status":"publish","type":"post","link":"http:\/\/www.westerwaldverein-daaden.de\/blog\/2009\/04\/22\/gabriele-benesch-geb-zimmermann\/","title":{"rendered":"Gabriele Benesch geb. Zimmermann"},"content":{"rendered":"<p>Hallo, ganz zuf\u00e4llig bin ich \u00fcber Eure Seite &#8222;gestolpert&#8220;. Sch\u00f6n!<br \/>\nIch erinnere mich noch an viele Fahrten mit dem Westerwaldverein, nach Friedewald an der damaligen Zonengrenze, als Herr Grimm noch durch das dortige &#8222;Nadel\u00f6hr&#8220; krabbelte, nach Luxemburg, in die L\u00fcneburger Heide, ins Weserbergland, &#8230;<br \/>\nUnd besonders hat mir der Eintrag von Herrn Leise gefallen!!<br \/>\nHerzliche Gr\u00fc\u00dfe, macht weiter so!<\/p>\n","protected":false},"excerpt":{"rendered":"<p>Hallo, ganz zuf\u00e4llig bin ich \u00fcber Eure Seite &#8222;gestolpert&#8220;. Sch\u00f6n! Ich erinnere mich noch an viele Fahrten mit dem Westerwaldverein, nach Friedewald an der damaligen Zonengrenze, als Herr Grimm noch durch das dortige &#8222;Nadel\u00f6hr&#8220; krabbelte, nach Luxemburg, in die L\u00fcneburger Heide, ins Weserbergland, &#8230; Und besonders hat mir der Eintrag von Herrn Leise gefallen!! Herzliche [&hellip;]<\/p>\n","protected":false},"author":2,"featured_media":0,"comment_status":"closed","ping_status":"closed","sticky":false,"template":"","format":"standard","meta":{"footnotes":""},"categories":[6],"tags":[],"class_list":["post-245","post","type-post","status-publish","format-standard","hentry","category-kommentare"],"_links":{"self":[{"href":"http:\/\/www.westerwaldverein-daaden.de\/blog\/wp-json\/wp\/v2\/posts\/245","targetHints":{"allow":["GET"]}}],"collection":[{"href":"http:\/\/www.westerwaldverein-daaden.de\/blog\/wp-json\/wp\/v2\/posts"}],"about":[{"href":"http:\/\/www.westerwaldverein-daaden.de\/blog\/wp-json\/wp\/v2\/types\/post"}],"author":[{"embeddable":true,"href":"http:\/\/www.westerwaldverein-daaden.de\/blog\/wp-json\/wp\/v2\/users\/2"}],"replies":[{"embeddable":true,"href":"http:\/\/www.westerwaldverein-daaden.de\/blog\/wp-json\/wp\/v2\/comments?post=245"}],"version-history":[{"count":1,"href":"http:\/\/www.westerwaldverein-daaden.de\/blog\/wp-json\/wp\/v2\/posts\/245\/revisions"}],"predecessor-version":[{"id":377,"href":"http:\/\/www.westerwaldverein-daaden.de\/blog\/wp-json\/wp\/v2\/posts\/245\/revisions\/377"}],"wp:attachment":[{"href":"http:\/\/www.westerwaldverein-daaden.de\/blog\/wp-json\/wp\/v2\/media?parent=245"}],"wp:term":[{"taxonomy":"category","embeddable":true,"href":"http:\/\/www.westerwaldverein-daaden.de\/blog\/wp-json\/wp\/v2\/categories?post=245"},{"taxonomy":"post_tag","embeddable":true,"href":"http:\/\/www.westerwaldverein-daaden.de\/blog\/wp-json\/wp\/v2\/tags?post=245"}],"curies":[{"name":"wp","href":"https:\/\/api.w.org\/{rel}","templated":true}]}}