{"id":2486,"date":"2015-07-27T10:00:28","date_gmt":"2015-07-27T08:00:28","guid":{"rendered":"http:\/\/www.westerwaldverein-daaden.de\/blog\/?p=2486"},"modified":"2015-08-02T17:21:55","modified_gmt":"2015-08-02T15:21:55","slug":"waldgottesdienst-familientag-2015","status":"publish","type":"post","link":"http:\/\/www.westerwaldverein-daaden.de\/blog\/2015\/07\/27\/waldgottesdienst-familientag-2015\/","title":{"rendered":"Waldgottesdienst und Familientag hatte wieder gute Resonanz"},"content":{"rendered":"<p>Mitglieder und Freunde des Westerwald-Vereins Daaden haben sicher ein besonders gutes Verh\u00e4ltnis zum Wettergott. Hatte es am Samstag vor dem gemeinsamen Waldgottesdienst von Westerwald-Verein und Kirchen&shy;gemeinde an der Wilhelm-Fischbach-H\u00fctte noch kr\u00e4ftig gesch\u00fcttet und gest\u00fcrmt, so waren dann am Sonntagmorgen ideale Bedingungen mit viel Sonnenschein und sommerlichen Temperaturen. Der Regen am Abend kam dann aber wieder p\u00fcnktlich.<\/p>\n<p><!--more-->Das war nat\u00fcrlich auch ein guter und wichtiger Grund, dass sich doch so viele Besucher zur Fischbachh\u00fctte auf den Weg gemacht hatten. Zum Waldgottesdienst um 10.00 Uhr waren fast 150 Besucher erschienen und auch beim anschlie\u00dfenden Familientag des Westerwaldes-Vereins waren es sicher mehr als 100, die geblieben waren.<\/p>\n<div class=\"center\"><img loading=\"lazy\" decoding=\"async\" src=\"http:\/\/www.westerwaldverein-daaden.de\/blog\/wp-content\/uploads\/2015\/07\/waldgottesdienst_2015_1.jpg\" alt=\"waldgottesdienst_2015_1\" width=\"400\" height=\"300\" class=\"alignnone size-full wp-image-2524\" \/><\/div>\n<p><\/p>\n<div class=\"center\"><img loading=\"lazy\" decoding=\"async\" src=\"http:\/\/www.westerwaldverein-daaden.de\/blog\/wp-content\/uploads\/2015\/07\/waldgottesdienst_2015_2.jpg\" alt=\"waldgottesdienst_2015_2\" width=\"400\" height=\"300\" class=\"alignnone size-full wp-image-2525\" \/><\/div>\n<p>Es war wieder ein sch\u00f6ner Gottesdienst, so die Meinung der Besucher. Die Predigt hielt diesmal Pfarrer Michael Seim, unterst\u00fctzt mit Lesungen von Gabi Henrich und Samy Luckenbach.  F\u00fcr den feierlichen Rahmen sorgten auch diesmal wieder Hartmut Sturm mit seiner Trompete und wie immer der Gemischte Chor Daaden, verst\u00e4rkt durch Weitefelder S\u00e4ngerinnen und S\u00e4nger, mit drei sch\u00f6nen und passenden Liedvortr\u00e4gen.<\/p>\n<div class=\"center\"><img loading=\"lazy\" decoding=\"async\" src=\"http:\/\/www.westerwaldverein-daaden.de\/blog\/wp-content\/uploads\/2015\/07\/waldgottesdienst_2015_3.jpg\" alt=\"waldgottesdienst_2015_3\" width=\"400\" height=\"300\" class=\"alignnone size-full wp-image-2526\" \/><\/div>\n<p><\/p>\n<div class=\"center\"><img loading=\"lazy\" decoding=\"async\" src=\"http:\/\/www.westerwaldverein-daaden.de\/blog\/wp-content\/uploads\/2015\/07\/waldgottesdienst_2015_4.jpg\" alt=\"waldgottesdienst_2015_4\" width=\"400\" height=\"300\" class=\"alignnone size-full wp-image-2527\" \/><\/div>\n<p>Inzwischen waren auch das Mittagessen und der Kuchen am hinteren Eingang der H\u00fctte eingetroffen. Somit Anlass genug, da sich schon in der frischen Waldluft entsprechender Hunger eingestellt hatte, dass alle wunschgem\u00e4\u00df ihr Mittagessen fassen konnten. Wer kein Fleisch mochte, der konnte er sofort mit Kaffee und Kuchen beginnen und seinen Hunger stillen.<\/p>\n<p>Auch die Herdorfer Wanderfreunde waren inzwischen eingetroffen. Es ist schon zur guten Gewohnheit geworden, dass sie zum Familientag von Herdorf zur Wilhelm-Fischbach-H\u00fctte wandern um mit den Daadener Freunden ein paar sch\u00f6ne Stunden zu verbringen.<\/p>\n<div class=\"center\"><img loading=\"lazy\" decoding=\"async\" src=\"http:\/\/www.westerwaldverein-daaden.de\/blog\/wp-content\/uploads\/2015\/07\/waldgottesdienst_2015_5.jpg\" alt=\"waldgottesdienst_2015_5\" width=\"400\" height=\"300\" class=\"alignnone size-full wp-image-2528\" \/><\/div>\n<p>Hatte Hartmut Sturm die Besucher nach dem Gottesdienst noch mit volkst\u00fcmlichen Weisen erfreut, so war der Nachmittag den Gespr\u00e4chen gewidmet. Die Stimmung war auf jeden Fall gut. Alle hatten viel Spa\u00df und fanden den Tag als gelungen und sch\u00f6n. Wie schon gesagt, man braucht auch immer das n\u00f6tige Gl\u00fcck mit dem Wetter. Und das war einmal mehr wie gew\u00fcnscht!<\/p>\n<div class=\"center\"><img loading=\"lazy\" decoding=\"async\" src=\"http:\/\/www.westerwaldverein-daaden.de\/blog\/wp-content\/uploads\/2015\/07\/waldgottesdienst_2015_6.jpg\" alt=\"waldgottesdienst_2015_6\" width=\"400\" height=\"300\" class=\"alignnone size-full wp-image-2529\" \/><\/div>\n<p><\/p>\n<div class=\"center\"><a href=\"http:\/\/www.westerwaldverein-daaden.de\/blog\/wp-content\/uploads\/2015\/07\/wg_2015.jpg\" data-rel=\"lightbox-gallery-tWl9Ppsp\" data-rl_title=\"\" data-rl_caption=\"\" title=\"\"><img loading=\"lazy\" decoding=\"async\" src=\"http:\/\/www.westerwaldverein-daaden.de\/blog\/wp-content\/uploads\/2015\/07\/wg_2015-283x400.jpg\" alt=\"wg_2015\" width=\"283\" height=\"400\" class=\"alignnone size-medium wp-image-2487\" srcset=\"http:\/\/www.westerwaldverein-daaden.de\/blog\/wp-content\/uploads\/2015\/07\/wg_2015-283x400.jpg 283w, http:\/\/www.westerwaldverein-daaden.de\/blog\/wp-content\/uploads\/2015\/07\/wg_2015.jpg 566w\" sizes=\"auto, (max-width: 283px) 100vw, 283px\" \/><\/a><br \/><small>(Zum Vergr\u00f6\u00dfern bitte anklicken)<\/small><\/div>\n","protected":false},"excerpt":{"rendered":"<p>Mitglieder und Freunde des Westerwald-Vereins Daaden haben sicher ein besonders gutes Verh\u00e4ltnis zum Wettergott. Hatte es am Samstag vor dem gemeinsamen Waldgottesdienst von Westerwald-Verein und Kirchen&shy;gemeinde an der Wilhelm-Fischbach-H\u00fctte noch kr\u00e4ftig gesch\u00fcttet und gest\u00fcrmt, so waren dann am Sonntagmorgen ideale Bedingungen mit viel Sonnenschein und sommerlichen Temperaturen. Der Regen am Abend kam dann aber wieder [&hellip;]<\/p>\n","protected":false},"author":2,"featured_media":0,"comment_status":"closed","ping_status":"closed","sticky":false,"template":"","format":"standard","meta":{"footnotes":""},"categories":[1],"tags":[],"class_list":["post-2486","post","type-post","status-publish","format-standard","hentry","category-allgemein"],"_links":{"self":[{"href":"http:\/\/www.westerwaldverein-daaden.de\/blog\/wp-json\/wp\/v2\/posts\/2486","targetHints":{"allow":["GET"]}}],"collection":[{"href":"http:\/\/www.westerwaldverein-daaden.de\/blog\/wp-json\/wp\/v2\/posts"}],"about":[{"href":"http:\/\/www.westerwaldverein-daaden.de\/blog\/wp-json\/wp\/v2\/types\/post"}],"author":[{"embeddable":true,"href":"http:\/\/www.westerwaldverein-daaden.de\/blog\/wp-json\/wp\/v2\/users\/2"}],"replies":[{"embeddable":true,"href":"http:\/\/www.westerwaldverein-daaden.de\/blog\/wp-json\/wp\/v2\/comments?post=2486"}],"version-history":[{"count":3,"href":"http:\/\/www.westerwaldverein-daaden.de\/blog\/wp-json\/wp\/v2\/posts\/2486\/revisions"}],"predecessor-version":[{"id":2540,"href":"http:\/\/www.westerwaldverein-daaden.de\/blog\/wp-json\/wp\/v2\/posts\/2486\/revisions\/2540"}],"wp:attachment":[{"href":"http:\/\/www.westerwaldverein-daaden.de\/blog\/wp-json\/wp\/v2\/media?parent=2486"}],"wp:term":[{"taxonomy":"category","embeddable":true,"href":"http:\/\/www.westerwaldverein-daaden.de\/blog\/wp-json\/wp\/v2\/categories?post=2486"},{"taxonomy":"post_tag","embeddable":true,"href":"http:\/\/www.westerwaldverein-daaden.de\/blog\/wp-json\/wp\/v2\/tags?post=2486"}],"curies":[{"name":"wp","href":"https:\/\/api.w.org\/{rel}","templated":true}]}}