{"id":2490,"date":"2015-07-09T20:06:03","date_gmt":"2015-07-09T18:06:03","guid":{"rendered":"http:\/\/www.westerwaldverein-daaden.de\/blog\/?p=2490"},"modified":"2015-07-09T20:08:36","modified_gmt":"2015-07-09T18:08:36","slug":"schueler-der-4-klassen-der-grundschulen-daaden-und-biersdorf-auf-wandertour","status":"publish","type":"post","link":"http:\/\/www.westerwaldverein-daaden.de\/blog\/2015\/07\/09\/schueler-der-4-klassen-der-grundschulen-daaden-und-biersdorf-auf-wandertour\/","title":{"rendered":"Sch\u00fcler der 4. Klassen der Grundschulen Daaden und Biersdorf auf Wandertour!"},"content":{"rendered":"<p><strong>Westerwald-Verein Daaden hatte wieder zum Wandern eingeladen.<\/strong><\/p>\n<p>Wie schon seit einigen Jahren praktiziert, hatte der Westerwald-Verein Daaden auch in diesem Jahr die Abschlussklassen, also die 4. Klassen der Grundschule in Daaden und diesmal auch der Grundschule Biersdorf zu einer Wanderung eingeladen. Bei sch\u00f6nstem Wanderwetter holte Dieter Jung die 2 Klassen der Daadetal- Grundschule direkt an der Schule ab, w\u00e4hrend die Biersdorfer Sch\u00fcler, die sich zu Fu\u00df \u00fcber die &#8222;B\u00f6lze&#8220; auf den Weg gemacht hatten, kurz danach an der &#8222;Alten Post&#8220; in Daaden eintrafen. Von hier aus wanderten die 50 Grundsch\u00fcler dann gemeinsam mit ihren Lehrerinnen immer bergauf bis zur H\u00fcllbuche, wo eine erste Rast eingelegt wurde.<\/p>\n<p><!--more--><\/p>\n<div class=\"center\"><a href=\"http:\/\/www.westerwaldverein-daaden.de\/blog\/wp-content\/uploads\/2015\/07\/schulwandern_2015_1.jpg\" data-rel=\"lightbox-gallery-JdtzA9tv\" data-rl_title=\"\" data-rl_caption=\"\" title=\"\"><img loading=\"lazy\" decoding=\"async\" src=\"http:\/\/www.westerwaldverein-daaden.de\/blog\/wp-content\/uploads\/2015\/07\/schulwandern_2015_1-460x345.jpg\" alt=\"schulwandern_2015_1\" width=\"460\" height=\"345\" class=\"alignnone size-medium wp-image-2492\" srcset=\"http:\/\/www.westerwaldverein-daaden.de\/blog\/wp-content\/uploads\/2015\/07\/schulwandern_2015_1-460x345.jpg 460w, http:\/\/www.westerwaldverein-daaden.de\/blog\/wp-content\/uploads\/2015\/07\/schulwandern_2015_1.jpg 800w\" sizes=\"auto, (max-width: 460px) 100vw, 460px\" \/><\/a><br \/><small>Gruppenfoto der 3 Grundschulklassen Daaden und Biersdorf an der H\u00fcllbuche<br \/>(Zum Vergr\u00f6\u00dfern bitte anklicken)<\/small><\/div>\n<p>Der Aufstieg hatte die jungen Wanderer bis auf die H\u00f6he schon ganz sch\u00f6n angetrengt. Die Wanderung f\u00fchrte von hier nun weiter \u00fcber den Waldlehrpfad Daaden, den zwar die meisten Kinder schon kannten, doch die Erl\u00e4uterungen zu den Infotafeln konnten die Kenntnis \u00fcber Flora und Fauna nochmal auffrischen. Ebenso wichtig ist es f\u00fcr den Westerwald-Verein Daaden, den Jugendlichen den Sinn und Zweck der Wander- bzw. Markierungszeichen nahe zu bringen.<\/p>\n<div class=\"center\"><img loading=\"lazy\" decoding=\"async\" src=\"http:\/\/www.westerwaldverein-daaden.de\/blog\/wp-content\/uploads\/2015\/07\/schulwandern_2015_3.jpg\" alt=\"schulwandern_2015_3\" width=\"460\" height=\"305\" class=\"alignnone size-full wp-image-2494\" \/><\/div>\n<p>Zwischendurch konnten die M\u00e4dchen und Jungen an der Sprunggrube dann schon mal ihre Sportlichkeit unter Beweis stellen, was auch von vielen genutzt wurde. Nicht vielen war bewusst, wie weit doch die Tiere des Waldes sprigen k\u00f6nnen. Nach einer weiteren Trinkpause ging es dann auf direktem Weg zur Wilhelm-Fischbach-H\u00fctte. <\/p>\n<div class=\"center\"><img loading=\"lazy\" decoding=\"async\" src=\"http:\/\/www.westerwaldverein-daaden.de\/blog\/wp-content\/uploads\/2015\/07\/schulwandern_2015_2.jpg\" alt=\"schulwandern_2015_2\" width=\"460\" height=\"345\" class=\"alignnone size-full wp-image-2493\" \/><br \/><small>Sportliche Spr\u00fcnge im Vergleich zum Sprungverm\u00f6gen der Waldtiere<\/small><\/div>\n<p>An der H\u00fctte angekommen, hatten schon weitere Mitglieder des Westerald-Vereins alles zum Grillen vorbereitet. Schlie\u00dflich hatten die Daadener Wanderfreunde ja eingeladen und eine z\u00fcnftige Abschlussrast versprochen. Es gab leckere Bratwurst im Br\u00f6tchen und nat\u00fcrlich auch wieder etwas um den Durst zu l\u00f6schen. Alle sind gut satt geworden, denn nur ganz wenig war \u00fcbriggeblieben. <\/p>\n<div class=\"center\"><img loading=\"lazy\" decoding=\"async\" src=\"http:\/\/www.westerwaldverein-daaden.de\/blog\/wp-content\/uploads\/2015\/07\/schulwandern_2015_4.jpg\" alt=\"schulwandern_2015_4\" width=\"460\" height=\"305\" class=\"alignnone size-full wp-image-2495\" \/><\/div>\n<p>Bevor von den Lehrerinnen wieder zur R\u00fcckwanderung aufgerufen wurde, blieb den Kindern aber noch gen\u00fcgend Zeit sich auszuruhen oder auch das Umfeld der H\u00fctte zu erkunden. <\/p>\n<p>Den Sch\u00fclern und Lehrerinnen hat die Wanderung und der Abschluss an der H\u00fctte offenbar gut gefallen, denn es gab nur positve Reaktionen. Da auch das Wetter nicht besser sein konnte, war es einfach ein gelungener und abwechslungsreicher Schultag.<\/p>\n","protected":false},"excerpt":{"rendered":"<p>Westerwald-Verein Daaden hatte wieder zum Wandern eingeladen. Wie schon seit einigen Jahren praktiziert, hatte der Westerwald-Verein Daaden auch in diesem Jahr die Abschlussklassen, also die 4. Klassen der Grundschule in Daaden und diesmal auch der Grundschule Biersdorf zu einer Wanderung eingeladen. Bei sch\u00f6nstem Wanderwetter holte Dieter Jung die 2 Klassen der Daadetal- Grundschule direkt an [&hellip;]<\/p>\n","protected":false},"author":2,"featured_media":0,"comment_status":"closed","ping_status":"closed","sticky":false,"template":"","format":"standard","meta":{"footnotes":""},"categories":[5],"tags":[],"class_list":["post-2490","post","type-post","status-publish","format-standard","hentry","category-wanderungen"],"_links":{"self":[{"href":"http:\/\/www.westerwaldverein-daaden.de\/blog\/wp-json\/wp\/v2\/posts\/2490","targetHints":{"allow":["GET"]}}],"collection":[{"href":"http:\/\/www.westerwaldverein-daaden.de\/blog\/wp-json\/wp\/v2\/posts"}],"about":[{"href":"http:\/\/www.westerwaldverein-daaden.de\/blog\/wp-json\/wp\/v2\/types\/post"}],"author":[{"embeddable":true,"href":"http:\/\/www.westerwaldverein-daaden.de\/blog\/wp-json\/wp\/v2\/users\/2"}],"replies":[{"embeddable":true,"href":"http:\/\/www.westerwaldverein-daaden.de\/blog\/wp-json\/wp\/v2\/comments?post=2490"}],"version-history":[{"count":2,"href":"http:\/\/www.westerwaldverein-daaden.de\/blog\/wp-json\/wp\/v2\/posts\/2490\/revisions"}],"predecessor-version":[{"id":2497,"href":"http:\/\/www.westerwaldverein-daaden.de\/blog\/wp-json\/wp\/v2\/posts\/2490\/revisions\/2497"}],"wp:attachment":[{"href":"http:\/\/www.westerwaldverein-daaden.de\/blog\/wp-json\/wp\/v2\/media?parent=2490"}],"wp:term":[{"taxonomy":"category","embeddable":true,"href":"http:\/\/www.westerwaldverein-daaden.de\/blog\/wp-json\/wp\/v2\/categories?post=2490"},{"taxonomy":"post_tag","embeddable":true,"href":"http:\/\/www.westerwaldverein-daaden.de\/blog\/wp-json\/wp\/v2\/tags?post=2490"}],"curies":[{"name":"wp","href":"https:\/\/api.w.org\/{rel}","templated":true}]}}