{"id":2544,"date":"2015-08-24T17:29:21","date_gmt":"2015-08-24T15:29:21","guid":{"rendered":"http:\/\/www.westerwaldverein-daaden.de\/blog\/?p=2544"},"modified":"2015-08-24T17:29:21","modified_gmt":"2015-08-24T15:29:21","slug":"westerwald-verein-daaden-im-einsatz-am-waldlehrpfad-huellwald","status":"publish","type":"post","link":"http:\/\/www.westerwaldverein-daaden.de\/blog\/2015\/08\/24\/westerwald-verein-daaden-im-einsatz-am-waldlehrpfad-huellwald\/","title":{"rendered":"Westerwald-Verein Daaden im Einsatz am Waldlehrpfad H\u00fcllwald"},"content":{"rendered":"<p>Es gab wieder einiges zu tun am Waldlehrpfad im H\u00fcllwald. Im Vorjahr hatten schon mal einige Mitglieder des Westerwald-Vereins Einrichtungen, wie z.B. das Holzglockenspiel, repariert. Aber schon wieder hatten Unverbesserliche dieses Instrument zerst\u00f6rt. Also mussten der Westerwald-Verein wieder eingreifen und alles wieder in einen funktionsfertigen Zustand bringen. <\/p>\n<p><!--more--><\/p>\n<div class=\"center\"><img loading=\"lazy\" decoding=\"async\" src=\"http:\/\/www.westerwaldverein-daaden.de\/blog\/wp-content\/uploads\/2015\/08\/waldlehrpfad_2015_1.jpg\" alt=\"waldlehrpfad_2015_1\" width=\"400\" height=\"300\" class=\"alignnone size-full wp-image-2546\" \/><br \/><small>Glockenspiel repariert<\/small><\/div>\n<p>Vorher war auch bereits die Sprunggrube wieder instand gesetzt worden und wurde ja bereits bei der Schulwanderung der 4. Grundschulklassen intensiv genutzt.<br \/>\nDa am Waldlehrpfad die Zuwege zu den zahlreichen Baum-Erkennungstafeln teilweise wieder zugewachsen waren, haben einige Mitglieder vom Westerwald-Verein diesmal hier \u00c4ste und Str\u00e4ucher zur\u00fcckgeschnitten. Alle Tafeln sind wieder frei zug\u00e4nglich. Jetzt stehen nur noch ein paar kleine Reparaturen an einigen Tafeln selbst an. Inzwischen hat auch Kurt Pl\u00e4cking wieder eine gro\u00dfe Anzahl an Ruheb\u00e4nken, besonders an der Strecke des Panoramaweges, neu gestrichen und freigeschnitten.<\/p>\n<div class=\"center\"><img loading=\"lazy\" decoding=\"async\" src=\"http:\/\/www.westerwaldverein-daaden.de\/blog\/wp-content\/uploads\/2015\/08\/waldlehrpfad_2015_2.jpg\" alt=\"waldlehrpfad_2015_2\" width=\"400\" height=\"300\" class=\"alignnone size-full wp-image-2545\" \/><br \/><small>Aufr\u00e4umarbeiten an der Westerwaldh\u00fctte<\/small><\/div>\n<p>Jedes Jahr steht auch die Pflege des Umfeldes an der Westerwaldh\u00fctte an. Das hei\u00dft, auch hier muss Gras gem\u00e4ht und Strauchwerk geschnitten und die H\u00fctte ges\u00e4ubert werden.  Denn hier lagern manchmal Personen, die ihren M\u00fcll einfach nicht mitnehmen k\u00f6nnen oder wollen.<br \/>\nIn dem Zusammenhang weisen wir  vom Westerwald-Verein nochmal eindringlich darauf hin, dass es verboten ist, hier an der H\u00fctte ohne Genehmigung zu lagern und Feuer zu machen. Gerade in diesen trockenen Sommerwochen ist dies wegen der erh\u00f6hten Waldbrandgefahr von besonderer Bedeutung.<\/p>\n","protected":false},"excerpt":{"rendered":"<p>Es gab wieder einiges zu tun am Waldlehrpfad im H\u00fcllwald. Im Vorjahr hatten schon mal einige Mitglieder des Westerwald-Vereins Einrichtungen, wie z.B. das Holzglockenspiel, repariert. Aber schon wieder hatten Unverbesserliche dieses Instrument zerst\u00f6rt. Also mussten der Westerwald-Verein wieder eingreifen und alles wieder in einen funktionsfertigen Zustand bringen.<\/p>\n","protected":false},"author":2,"featured_media":0,"comment_status":"closed","ping_status":"closed","sticky":false,"template":"","format":"standard","meta":{"footnotes":""},"categories":[1],"tags":[],"class_list":["post-2544","post","type-post","status-publish","format-standard","hentry","category-allgemein"],"_links":{"self":[{"href":"http:\/\/www.westerwaldverein-daaden.de\/blog\/wp-json\/wp\/v2\/posts\/2544","targetHints":{"allow":["GET"]}}],"collection":[{"href":"http:\/\/www.westerwaldverein-daaden.de\/blog\/wp-json\/wp\/v2\/posts"}],"about":[{"href":"http:\/\/www.westerwaldverein-daaden.de\/blog\/wp-json\/wp\/v2\/types\/post"}],"author":[{"embeddable":true,"href":"http:\/\/www.westerwaldverein-daaden.de\/blog\/wp-json\/wp\/v2\/users\/2"}],"replies":[{"embeddable":true,"href":"http:\/\/www.westerwaldverein-daaden.de\/blog\/wp-json\/wp\/v2\/comments?post=2544"}],"version-history":[{"count":1,"href":"http:\/\/www.westerwaldverein-daaden.de\/blog\/wp-json\/wp\/v2\/posts\/2544\/revisions"}],"predecessor-version":[{"id":2547,"href":"http:\/\/www.westerwaldverein-daaden.de\/blog\/wp-json\/wp\/v2\/posts\/2544\/revisions\/2547"}],"wp:attachment":[{"href":"http:\/\/www.westerwaldverein-daaden.de\/blog\/wp-json\/wp\/v2\/media?parent=2544"}],"wp:term":[{"taxonomy":"category","embeddable":true,"href":"http:\/\/www.westerwaldverein-daaden.de\/blog\/wp-json\/wp\/v2\/categories?post=2544"},{"taxonomy":"post_tag","embeddable":true,"href":"http:\/\/www.westerwaldverein-daaden.de\/blog\/wp-json\/wp\/v2\/tags?post=2544"}],"curies":[{"name":"wp","href":"https:\/\/api.w.org\/{rel}","templated":true}]}}