{"id":2548,"date":"2015-09-18T17:00:16","date_gmt":"2015-09-18T15:00:16","guid":{"rendered":"http:\/\/www.westerwaldverein-daaden.de\/blog\/?p=2548"},"modified":"2015-09-19T17:52:18","modified_gmt":"2015-09-19T15:52:18","slug":"langstreckenwanderung-von-kirchen-nach-siegen","status":"publish","type":"post","link":"http:\/\/www.westerwaldverein-daaden.de\/blog\/2015\/09\/18\/langstreckenwanderung-von-kirchen-nach-siegen\/","title":{"rendered":"Langstreckenwanderung von Kirchen nach Siegen"},"content":{"rendered":"<p>Wie in jedem Jahr war der Westerwald-Verein  Daaden auch diesmal auf einer Langstreckenwanderung unterwegs. In diesem Jahr f\u00fchrte die Tour vom Bahnhof Kirchen \u00fcber die Giebelwaldh\u00f6hen bis zum Bahnhof in Siegen.<\/p>\n<p><!--more--><\/p>\n<div class=\"center\"><img loading=\"lazy\" decoding=\"async\" src=\"http:\/\/www.westerwaldverein-daaden.de\/blog\/wp-content\/uploads\/2015\/08\/Wanderung-X11-2015-09-06.jpg\" alt=\"Wanderung X11 2015-09-06\" width=\"400\" height=\"300\" class=\"alignnone size-full wp-image-2572\" \/><\/div>\n<p>Sieben Wanderfreunde waren der Einladung gefolgt und hatten die doch anspruchsvolle Wanderung mitgemacht.<\/p>\n<p>Die Wanderroute auf dem X11 (E1) war vorbereitet und auch gef\u00fchrt von Wanderf\u00fchrer Michael Bender. Sie war mehr als 22 Kilometer lang und es waren auf der gesamten Strecke \u00fcber Freusburg, den Giebelberg und Oberschelden immerhin rund 750 H\u00f6henmeter zu bew\u00e4ltigen. Nach Abschluss der anstrengenden, aber doch sch\u00f6nen Wanderung erfolgte die R\u00fcckfahrt dann vom Bahnhof Siegen mit dem Zug nach Kirchen.<\/p>\n","protected":false},"excerpt":{"rendered":"<p>Wie in jedem Jahr war der Westerwald-Verein Daaden auch diesmal auf einer Langstreckenwanderung unterwegs. In diesem Jahr f\u00fchrte die Tour vom Bahnhof Kirchen \u00fcber die Giebelwaldh\u00f6hen bis zum Bahnhof in Siegen.<\/p>\n","protected":false},"author":2,"featured_media":0,"comment_status":"closed","ping_status":"closed","sticky":false,"template":"","format":"standard","meta":{"footnotes":""},"categories":[5],"tags":[],"class_list":["post-2548","post","type-post","status-publish","format-standard","hentry","category-wanderungen"],"_links":{"self":[{"href":"http:\/\/www.westerwaldverein-daaden.de\/blog\/wp-json\/wp\/v2\/posts\/2548","targetHints":{"allow":["GET"]}}],"collection":[{"href":"http:\/\/www.westerwaldverein-daaden.de\/blog\/wp-json\/wp\/v2\/posts"}],"about":[{"href":"http:\/\/www.westerwaldverein-daaden.de\/blog\/wp-json\/wp\/v2\/types\/post"}],"author":[{"embeddable":true,"href":"http:\/\/www.westerwaldverein-daaden.de\/blog\/wp-json\/wp\/v2\/users\/2"}],"replies":[{"embeddable":true,"href":"http:\/\/www.westerwaldverein-daaden.de\/blog\/wp-json\/wp\/v2\/comments?post=2548"}],"version-history":[{"count":2,"href":"http:\/\/www.westerwaldverein-daaden.de\/blog\/wp-json\/wp\/v2\/posts\/2548\/revisions"}],"predecessor-version":[{"id":2573,"href":"http:\/\/www.westerwaldverein-daaden.de\/blog\/wp-json\/wp\/v2\/posts\/2548\/revisions\/2573"}],"wp:attachment":[{"href":"http:\/\/www.westerwaldverein-daaden.de\/blog\/wp-json\/wp\/v2\/media?parent=2548"}],"wp:term":[{"taxonomy":"category","embeddable":true,"href":"http:\/\/www.westerwaldverein-daaden.de\/blog\/wp-json\/wp\/v2\/categories?post=2548"},{"taxonomy":"post_tag","embeddable":true,"href":"http:\/\/www.westerwaldverein-daaden.de\/blog\/wp-json\/wp\/v2\/tags?post=2548"}],"curies":[{"name":"wp","href":"https:\/\/api.w.org\/{rel}","templated":true}]}}