{"id":2551,"date":"2015-09-02T15:13:32","date_gmt":"2015-09-02T13:13:32","guid":{"rendered":"http:\/\/www.westerwaldverein-daaden.de\/blog\/?p=2551"},"modified":"2015-09-02T15:13:32","modified_gmt":"2015-09-02T13:13:32","slug":"busausflug-an-die-mosel-2","status":"publish","type":"post","link":"http:\/\/www.westerwaldverein-daaden.de\/blog\/2015\/09\/02\/busausflug-an-die-mosel-2\/","title":{"rendered":"Busausflug an die Mosel"},"content":{"rendered":"<p>Am Sonntag, dem 23. August 2015 war der Westerwald-Verein Daaden mal wieder unterwegs, und zwar bei einem Tagesausflug mit dem Bus an die Mosel, nach Cochem und nach Ediger-Elle. Der bekannte Calmont war das Ziel der Daadener Wanderfreunde. Der Zuspruch waren sehr gro\u00df, denn die Fahrt war v\u00f6llig ausgebucht. <\/p>\n<p>Drei Programmpunkte waren angeboten: Eine Wanderung auf dem Moselsteig von Neef bis Ediger \u00fcber den Calmont (Etappe 11) bot herrliche Fernsichten \u00fcber das Moseltal. Eine Kletterntour direkt  zum Calmont-Gipfelkreuz hoch, forderte einer zweiten Wandergruppe zus\u00e4tzlich eine h\u00f6chst anspruchsvolle Wanderleistung ab. Der Klettersteig f\u00fchrt schlie\u00dflich durch den wohl steilsten Weinberg Europas.<\/p>\n<p><!--more--><\/p>\n<div class=\"center\"><img loading=\"lazy\" decoding=\"async\" src=\"http:\/\/www.westerwaldverein-daaden.de\/blog\/wp-content\/uploads\/2015\/09\/mosel_2015_1.jpg\" alt=\"mosel_2015_1\" width=\"400\" height=\"265\" class=\"alignnone size-full wp-image-2554\" \/><br \/><small>Auf dem Calmont-Klettersteig<\/small><\/div>\n<p>Oben am Gipfelkreuz konnten sich die beiden Gruppen wieder zur Mittagsrast vereinen, bevor sie dann gemeinsam den Abstieg nach Ediger-Eller antraten. <\/p>\n<p>Schon am Vormittag waren in Cochem die Wanderfreunde ausgestiegen, die es mal ruhig angehen lassen wollten. Bei einer einst\u00fcndigne Rundfahrt auf der Mosel konnte man mal so richtig die Seele baumeln lassen. Danach blieb auch noch viel Zeit zur Reichsburg hinauf zu wandern oder das gesch\u00e4ftige Treiben der vielen Touristen in Cochem zu beobachten.<\/p>\n<div class=\"center\"><img loading=\"lazy\" decoding=\"async\" src=\"http:\/\/www.westerwaldverein-daaden.de\/blog\/wp-content\/uploads\/2015\/09\/mosel_2015_2.jpg\" alt=\"mosel_2015_2\" width=\"400\" height=\"265\" class=\"alignnone size-full wp-image-2555\" \/><br \/><small>Sch\u00f6ner Blick auf die Moselschleife<\/small><\/div>\n<p>Die Westerw\u00e4lder Reisegesellschaft traf sich dann am Nachmittag wieder zu einer gemeinsamen Schlussrast in einem Cochemer Cafe. Das Wetter spielte auch mit und so sprachen alle Teilnehmer von einem sehr gelungenen Ausflug an die sch\u00f6ne Mosel.<\/p>\n<div class=\"center\"><img loading=\"lazy\" decoding=\"async\" src=\"http:\/\/www.westerwaldverein-daaden.de\/blog\/wp-content\/uploads\/2015\/09\/mosel_2015_3.jpg\" alt=\"mosel_2015_3\" width=\"400\" height=\"265\" class=\"alignnone size-full wp-image-2556\" \/><br \/><small>Abstieg vom Calmont<\/small><\/div>\n<p><\/p>\n<div class=\"center\"><img loading=\"lazy\" decoding=\"async\" src=\"http:\/\/www.westerwaldverein-daaden.de\/blog\/wp-content\/uploads\/2015\/09\/mosel_2015_4.jpg\" alt=\"mosel_2015_4\" width=\"400\" height=\"300\" class=\"alignnone size-full wp-image-2557\" \/><br \/><small>Schiffsrundfahrt &#8211; Blick von der Burg in Cochem<\/small><\/div>\n<p><\/p>\n<div class=\"center\"><img loading=\"lazy\" decoding=\"async\" src=\"http:\/\/www.westerwaldverein-daaden.de\/blog\/wp-content\/uploads\/2015\/09\/mosel_2015_5.jpg\" alt=\"mosel_2015_5\" width=\"400\" height=\"300\" class=\"alignnone size-full wp-image-2558\" \/><br \/><small>Abschlussrast in Cochem<\/small><\/div>\n","protected":false},"excerpt":{"rendered":"<p>Am Sonntag, dem 23. August 2015 war der Westerwald-Verein Daaden mal wieder unterwegs, und zwar bei einem Tagesausflug mit dem Bus an die Mosel, nach Cochem und nach Ediger-Elle. Der bekannte Calmont war das Ziel der Daadener Wanderfreunde. Der Zuspruch waren sehr gro\u00df, denn die Fahrt war v\u00f6llig ausgebucht. Drei Programmpunkte waren angeboten: Eine Wanderung [&hellip;]<\/p>\n","protected":false},"author":2,"featured_media":0,"comment_status":"closed","ping_status":"closed","sticky":false,"template":"","format":"standard","meta":{"footnotes":""},"categories":[5],"tags":[],"class_list":["post-2551","post","type-post","status-publish","format-standard","hentry","category-wanderungen"],"_links":{"self":[{"href":"http:\/\/www.westerwaldverein-daaden.de\/blog\/wp-json\/wp\/v2\/posts\/2551","targetHints":{"allow":["GET"]}}],"collection":[{"href":"http:\/\/www.westerwaldverein-daaden.de\/blog\/wp-json\/wp\/v2\/posts"}],"about":[{"href":"http:\/\/www.westerwaldverein-daaden.de\/blog\/wp-json\/wp\/v2\/types\/post"}],"author":[{"embeddable":true,"href":"http:\/\/www.westerwaldverein-daaden.de\/blog\/wp-json\/wp\/v2\/users\/2"}],"replies":[{"embeddable":true,"href":"http:\/\/www.westerwaldverein-daaden.de\/blog\/wp-json\/wp\/v2\/comments?post=2551"}],"version-history":[{"count":2,"href":"http:\/\/www.westerwaldverein-daaden.de\/blog\/wp-json\/wp\/v2\/posts\/2551\/revisions"}],"predecessor-version":[{"id":2560,"href":"http:\/\/www.westerwaldverein-daaden.de\/blog\/wp-json\/wp\/v2\/posts\/2551\/revisions\/2560"}],"wp:attachment":[{"href":"http:\/\/www.westerwaldverein-daaden.de\/blog\/wp-json\/wp\/v2\/media?parent=2551"}],"wp:term":[{"taxonomy":"category","embeddable":true,"href":"http:\/\/www.westerwaldverein-daaden.de\/blog\/wp-json\/wp\/v2\/categories?post=2551"},{"taxonomy":"post_tag","embeddable":true,"href":"http:\/\/www.westerwaldverein-daaden.de\/blog\/wp-json\/wp\/v2\/tags?post=2551"}],"curies":[{"name":"wp","href":"https:\/\/api.w.org\/{rel}","templated":true}]}}