{"id":2561,"date":"2015-09-06T19:20:06","date_gmt":"2015-09-06T17:20:06","guid":{"rendered":"http:\/\/www.westerwaldverein-daaden.de\/blog\/?p=2561"},"modified":"2015-10-08T09:56:46","modified_gmt":"2015-10-08T07:56:46","slug":"zwei-neue-rundwandewege-in-niederdreisbach","status":"publish","type":"post","link":"http:\/\/www.westerwaldverein-daaden.de\/blog\/2015\/09\/06\/zwei-neue-rundwandewege-in-niederdreisbach\/","title":{"rendered":"Zwei neue Rundwandewege in Niederdreisbach"},"content":{"rendered":"<p>In Niederdreisbach sind 2 neue Rundwanderwege eingerichtet worden. Diese sind, wie kann es anders sein, mit 2 \u00c4pfel (Paradies-\u00c4pfel) gekennzeichnet.<\/p>\n<p><strong>Gr\u00fcner Apfel: Rundwanderweg, 7 Kilometer, 260 H\u00f6henmeter<br \/>\nRoter Apfel: Rundwanderweg, 13 Kilometer, 360 H\u00f6henmeter<\/p>\n<p>Er\u00f6ffnung: Samstag, 19. September 2015,  Start zur Wanderung: 9.30 Uhr<br \/>\n<\/strong><br \/>\nTreff- und Startpunkt ist an der Grillh\u00fctte Niederdreisbach. Der Westerwald-Verein Daaden e.V. ist zur Er\u00f6ffnung herzlich eingeladen. Wir bitten deshalb, dass sich auch m\u00f6glichst viele Wanderfreunde an den Wanderungen beteiligen. <\/p>\n","protected":false},"excerpt":{"rendered":"<p>In Niederdreisbach sind 2 neue Rundwanderwege eingerichtet worden. Diese sind, wie kann es anders sein, mit 2 \u00c4pfel (Paradies-\u00c4pfel) gekennzeichnet. Gr\u00fcner Apfel: Rundwanderweg, 7 Kilometer, 260 H\u00f6henmeter Roter Apfel: Rundwanderweg, 13 Kilometer, 360 H\u00f6henmeter Er\u00f6ffnung: Samstag, 19. September 2015, Start zur Wanderung: 9.30 Uhr Treff- und Startpunkt ist an der Grillh\u00fctte Niederdreisbach. Der Westerwald-Verein Daaden [&hellip;]<\/p>\n","protected":false},"author":2,"featured_media":0,"comment_status":"closed","ping_status":"closed","sticky":false,"template":"","format":"standard","meta":{"footnotes":""},"categories":[1],"tags":[],"class_list":["post-2561","post","type-post","status-publish","format-standard","hentry","category-allgemein"],"_links":{"self":[{"href":"http:\/\/www.westerwaldverein-daaden.de\/blog\/wp-json\/wp\/v2\/posts\/2561","targetHints":{"allow":["GET"]}}],"collection":[{"href":"http:\/\/www.westerwaldverein-daaden.de\/blog\/wp-json\/wp\/v2\/posts"}],"about":[{"href":"http:\/\/www.westerwaldverein-daaden.de\/blog\/wp-json\/wp\/v2\/types\/post"}],"author":[{"embeddable":true,"href":"http:\/\/www.westerwaldverein-daaden.de\/blog\/wp-json\/wp\/v2\/users\/2"}],"replies":[{"embeddable":true,"href":"http:\/\/www.westerwaldverein-daaden.de\/blog\/wp-json\/wp\/v2\/comments?post=2561"}],"version-history":[{"count":1,"href":"http:\/\/www.westerwaldverein-daaden.de\/blog\/wp-json\/wp\/v2\/posts\/2561\/revisions"}],"predecessor-version":[{"id":2562,"href":"http:\/\/www.westerwaldverein-daaden.de\/blog\/wp-json\/wp\/v2\/posts\/2561\/revisions\/2562"}],"wp:attachment":[{"href":"http:\/\/www.westerwaldverein-daaden.de\/blog\/wp-json\/wp\/v2\/media?parent=2561"}],"wp:term":[{"taxonomy":"category","embeddable":true,"href":"http:\/\/www.westerwaldverein-daaden.de\/blog\/wp-json\/wp\/v2\/categories?post=2561"},{"taxonomy":"post_tag","embeddable":true,"href":"http:\/\/www.westerwaldverein-daaden.de\/blog\/wp-json\/wp\/v2\/tags?post=2561"}],"curies":[{"name":"wp","href":"https:\/\/api.w.org\/{rel}","templated":true}]}}