{"id":2760,"date":"2016-07-05T16:28:00","date_gmt":"2016-07-05T15:28:00","guid":{"rendered":"http:\/\/www.westerwaldverein-daaden.de\/blog\/?p=2760"},"modified":"2016-07-05T16:28:00","modified_gmt":"2016-07-05T15:28:00","slug":"wanderung-von-paris-bis-malmoe","status":"publish","type":"post","link":"http:\/\/www.westerwaldverein-daaden.de\/blog\/2016\/07\/05\/wanderung-von-paris-bis-malmoe\/","title":{"rendered":"Wanderung von Paris bis Malm\u00f6"},"content":{"rendered":"<p>Therese Dubosq will von Paris bis Malm\u00f6 wandern. Die 71 j\u00e4hrige Franz\u00f6sin startete mit ihrem 10 Kilo schweren Rucksack am 10. Mai in Paris und m\u00f6chte am 10. September 2016  bei Malm\u00f6 in Schweden ans Ziel der rund 3.000 Kilometer langen Wanderung kommen.<\/p>\n<p>Dabei f\u00fchrte sie der Weg jetzt auf ungef\u00e4hr halber Strecke auch \u00fcber Daaden. Der Wanderwart des Westerwald-Vereins Daaden, Karlheinz Sturm nutzte die M\u00f6glichkeit, mit Therese Dubosq  das Teilst\u00fcck von Daaden nach Kirchen mit ihr zu wandern. Er holte sie morgens im Hotel Koch  ab, wo sie \u00fcbernachtet hatte und begleitete sie auf einer wohl schweren Etappe mit vielen Steigungen. <\/p>\n<p><!--more--><\/p>\n<div class=\"center\"><a href=\"http:\/\/www.westerwaldverein-daaden.de\/blog\/wp-content\/uploads\/2016\/07\/paris-malm\u00f6-2016.jpg\" data-rel=\"lightbox-gallery-HpZJIbjp\" data-rl_title=\"\" data-rl_caption=\"\" title=\"\"><img loading=\"lazy\" decoding=\"async\" src=\"http:\/\/www.westerwaldverein-daaden.de\/blog\/wp-content\/uploads\/2016\/07\/paris-malm\u00f6-2016-400x267.jpg\" alt=\"paris-malm\u00f6-2016\" width=\"400\" height=\"267\" class=\"alignnone size-medium wp-image-2761\" srcset=\"http:\/\/www.westerwaldverein-daaden.de\/blog\/wp-content\/uploads\/2016\/07\/paris-malm\u00f6-2016-400x267.jpg 400w, http:\/\/www.westerwaldverein-daaden.de\/blog\/wp-content\/uploads\/2016\/07\/paris-malm\u00f6-2016-768x512.jpg 768w, http:\/\/www.westerwaldverein-daaden.de\/blog\/wp-content\/uploads\/2016\/07\/paris-malm\u00f6-2016.jpg 800w\" sizes=\"auto, (max-width: 400px) 100vw, 400px\" \/><\/a><br \/><small>(Zum Vergr\u00f6\u00dfern bitte anklicken)<\/small><\/div>\n<p>Der Weg f\u00fchrte die beiden nun sofort bergauf zur H\u00fcllbuche (siehe Foto), weiter \u00fcber die Hohe Ley bei Herdorf, den Druidenstein bis  zum Ottoturm und zum n\u00e4chsten \u00dcbernachtungsquartier in Kirchen. Es waren immerhin fast 20 anstrengende Kilometer zu bew\u00e4ltigen. Auf einer Teilstrecke begleitete sie auch der Vorsitzende des Daadener Wandervereins, Martin Schmidt.<\/p>\n<p>Da leider ihr Partner in Koblenz aufgeben musste, ist die franz\u00f6sische Wanderfreundin nun allein auf dem langen Weg und freut sich sehr \u00fcber die Begleitung \u00f6rtlicher Wanderer.<\/p>\n<p>Der Westerwald-Verein Daaden w\u00fcnscht der Pariserin weiterhin eine gute Kondition, Gesundheit und Durchhaltekraft, damit sie die  zweite H\u00e4lfte der langen Wanderstrecke  erfolgreich und gesund schafft und dann auch ihr Ziel im September in Schweden erreicht.<\/p>\n","protected":false},"excerpt":{"rendered":"<p>Therese Dubosq will von Paris bis Malm\u00f6 wandern. Die 71 j\u00e4hrige Franz\u00f6sin startete mit ihrem 10 Kilo schweren Rucksack am 10. Mai in Paris und m\u00f6chte am 10. September 2016 bei Malm\u00f6 in Schweden ans Ziel der rund 3.000 Kilometer langen Wanderung kommen. Dabei f\u00fchrte sie der Weg jetzt auf ungef\u00e4hr halber Strecke auch \u00fcber [&hellip;]<\/p>\n","protected":false},"author":2,"featured_media":0,"comment_status":"closed","ping_status":"closed","sticky":false,"template":"","format":"standard","meta":{"footnotes":""},"categories":[1],"tags":[],"class_list":["post-2760","post","type-post","status-publish","format-standard","hentry","category-allgemein"],"_links":{"self":[{"href":"http:\/\/www.westerwaldverein-daaden.de\/blog\/wp-json\/wp\/v2\/posts\/2760","targetHints":{"allow":["GET"]}}],"collection":[{"href":"http:\/\/www.westerwaldverein-daaden.de\/blog\/wp-json\/wp\/v2\/posts"}],"about":[{"href":"http:\/\/www.westerwaldverein-daaden.de\/blog\/wp-json\/wp\/v2\/types\/post"}],"author":[{"embeddable":true,"href":"http:\/\/www.westerwaldverein-daaden.de\/blog\/wp-json\/wp\/v2\/users\/2"}],"replies":[{"embeddable":true,"href":"http:\/\/www.westerwaldverein-daaden.de\/blog\/wp-json\/wp\/v2\/comments?post=2760"}],"version-history":[{"count":1,"href":"http:\/\/www.westerwaldverein-daaden.de\/blog\/wp-json\/wp\/v2\/posts\/2760\/revisions"}],"predecessor-version":[{"id":2762,"href":"http:\/\/www.westerwaldverein-daaden.de\/blog\/wp-json\/wp\/v2\/posts\/2760\/revisions\/2762"}],"wp:attachment":[{"href":"http:\/\/www.westerwaldverein-daaden.de\/blog\/wp-json\/wp\/v2\/media?parent=2760"}],"wp:term":[{"taxonomy":"category","embeddable":true,"href":"http:\/\/www.westerwaldverein-daaden.de\/blog\/wp-json\/wp\/v2\/categories?post=2760"},{"taxonomy":"post_tag","embeddable":true,"href":"http:\/\/www.westerwaldverein-daaden.de\/blog\/wp-json\/wp\/v2\/tags?post=2760"}],"curies":[{"name":"wp","href":"https:\/\/api.w.org\/{rel}","templated":true}]}}